{"id":2259,"date":"2023-06-13T09:00:29","date_gmt":"2023-06-13T07:00:29","guid":{"rendered":"https:\/\/larucheindustrielle.fr\/transformation-industrie\/"},"modified":"2023-07-06T14:42:56","modified_gmt":"2023-07-06T12:42:56","slug":"transformation-industrie","status":"publish","type":"post","link":"https:\/\/larucheindustrielle.fr\/fr\/transformation-industrie\/","title":{"rendered":"Comment La Ruche Industrielle impulse-t-elle la transformation de l\u2019industrie ?"},"content":{"rendered":"<p>[et_pb_section fb_built=\u00a0\u00bb1&Prime; fullwidth=\u00a0\u00bbon\u00a0\u00bb admin_label=\u00a0\u00bbTitre Actualit\u00e9 (+miniature)\u00a0\u00bb _builder_version=\u00a0\u00bb4.21.0&Prime; _module_preset=\u00a0\u00bbdefault\u00a0\u00bb da_disable_devices=\u00a0\u00bboff|off|off\u00a0\u00bb global_module=\u00a0\u00bb2768&Prime; saved_tabs=\u00a0\u00bball\u00a0\u00bb collapsed=\u00a0\u00bbon\u00a0\u00bb global_colors_info=\u00a0\u00bb{}\u00a0\u00bb da_is_popup=\u00a0\u00bboff\u00a0\u00bb da_exit_intent=\u00a0\u00bboff\u00a0\u00bb da_has_close=\u00a0\u00bbon\u00a0\u00bb da_alt_close=\u00a0\u00bboff\u00a0\u00bb da_dark_close=\u00a0\u00bboff\u00a0\u00bb da_not_modal=\u00a0\u00bbon\u00a0\u00bb da_is_singular=\u00a0\u00bboff\u00a0\u00bb da_with_loader=\u00a0\u00bboff\u00a0\u00bb da_has_shadow=\u00a0\u00bbon\u00a0\u00bb][et_pb_fullwidth_post_title author=\u00a0\u00bboff\u00a0\u00bb date_format=\u00a0\u00bbj M Y\u00a0\u00bb comments=\u00a0\u00bboff\u00a0\u00bb _builder_version=\u00a0\u00bb4.21.0&Prime; _module_preset=\u00a0\u00bbdefault\u00a0\u00bb global_colors_info=\u00a0\u00bb{}\u00a0\u00bb][\/et_pb_fullwidth_post_title][\/et_pb_section][et_pb_section fb_built=\u00a0\u00bb1&Prime; _builder_version=\u00a0\u00bb4.16&Prime; da_disable_devices=\u00a0\u00bboff|off|off\u00a0\u00bb global_colors_info=\u00a0\u00bb{}\u00a0\u00bb da_is_popup=\u00a0\u00bboff\u00a0\u00bb da_exit_intent=\u00a0\u00bboff\u00a0\u00bb da_has_close=\u00a0\u00bbon\u00a0\u00bb da_alt_close=\u00a0\u00bboff\u00a0\u00bb da_dark_close=\u00a0\u00bboff\u00a0\u00bb da_not_modal=\u00a0\u00bbon\u00a0\u00bb da_is_singular=\u00a0\u00bboff\u00a0\u00bb da_with_loader=\u00a0\u00bboff\u00a0\u00bb da_has_shadow=\u00a0\u00bbon\u00a0\u00bb][et_pb_row use_custom_gutter=\u00a0\u00bbon\u00a0\u00bb gutter_width=\u00a0\u00bb1&Prime; _builder_version=\u00a0\u00bb4.21.0&Prime; background_size=\u00a0\u00bbinitial\u00a0\u00bb background_position=\u00a0\u00bbtop_left\u00a0\u00bb background_repeat=\u00a0\u00bbrepeat\u00a0\u00bb global_colors_info=\u00a0\u00bb{}\u00a0\u00bb][et_pb_column type=\u00a0\u00bb4_4&Prime; _builder_version=\u00a0\u00bb4.16&Prime; custom_padding=\u00a0\u00bb|||\u00a0\u00bb global_colors_info=\u00a0\u00bb{}\u00a0\u00bb custom_padding__hover=\u00a0\u00bb|||\u00a0\u00bb][et_pb_text _builder_version=\u00a0\u00bb4.21.0&Prime; background_size=\u00a0\u00bbinitial\u00a0\u00bb background_position=\u00a0\u00bbtop_left\u00a0\u00bb background_repeat=\u00a0\u00bbrepeat\u00a0\u00bb global_colors_info=\u00a0\u00bb{}\u00a0\u00bb]<\/p>\n<h3>Caroline, Directrice G\u00e9n\u00e9rale et co-fondatrice de la Ruche Industrielle, \u00e9tait l\u2019invit\u00e9e de l\u2019\u00e9mission Bonsoir Lyon de BFM TV mardi 16 mai.<\/h3>\n<p>Caroline a re\u00e7u la<strong> m\u00e9daille de l\u2019Ordre National du M\u00e9rite<\/strong> sur proposition d\u2019Agn\u00e8s Pannier-Runacher pour le projet de la Ruche. Ce projet novateur a d\u00e9sormais valeur d\u2019exemple. Au cours de cette interview, Caroline est revenue sur sa gen\u00e8se.<\/p>\n<h2><strong>Un projet n\u00e9 du terrain<\/strong><\/h2>\n<p>Ce projet est <strong>n\u00e9 dans le secteur de l\u2019industrie<\/strong> pour r\u00e9pondre aux<strong> multiples injonctions<\/strong>, parfois contradictoires, qui p\u00e8sent sur les entreprises industrielles :<\/p>\n<ul>\n<li>La n\u00e9cessit\u00e9 de se r\u00e9inventer sans cesse<\/li>\n<li>La n\u00e9cessit\u00e9 de le faire vite<\/li>\n<li>La n\u00e9cessit\u00e9 de se digitaliser<\/li>\n<li>La n\u00e9cessit\u00e9 de r\u00e9pondre aux nouveaux enjeux environnementaux et sociaux\u2026<\/li>\n<\/ul>\n<p>Face \u00e0 ce constat, Caroline, et son mari, Bertrand, ont eu l\u2019id\u00e9e de monter un projet original : un lieu embl\u00e9matique d\u2019\u00e9changes et d\u2019innovations. L\u2019expertise d\u00e9velopp\u00e9e pour construire et donner vie \u00e0 ce concept r\u00e9side principalement dans la mise en place et le suivi de <strong>projets inter-entreprises<\/strong>, riches de mutualisation et de connaissances. L\u2019id\u00e9e&nbsp;: jouer collectif&nbsp;!<\/p>\n<p>&nbsp;<\/p>\n<h2><strong>\u00ab&nbsp;Jouer collectif&nbsp;\u00bb, la raison d\u2019\u00eatre de la Ruche<\/strong><\/h2>\n<p>Pour asseoir le mod\u00e8le d\u2019un point de vue juridique, c\u2019est le mod\u00e8le d\u2019association qui a \u00e9t\u00e9 retenue : une <strong>association de loi 1901<\/strong> fiscalis\u00e9e. Le <strong>facteur cl\u00e9 de succ\u00e8s, c\u2019est la collaboration<\/strong> !<\/p>\n<p>Et ce ne sont pas les 17 entreprises adh\u00e9rentes qui diront le contraire ! A savoir : Aldes, Bosch Rexroth, EFI Automotive, Fives, SNCF, Volvo -Renault Trucks, La M\u00e9tropole de Lyon, INSA Lyon, ptc, Groupe SEB, Montabert, Haulotte, ECAM LaSalle, Ecole Centrale de Lyon, Nexter, JTEKT et la CNR (Compagnie Nationale du Rh\u00f4ne).<\/p>\n<p><strong>Des entreprises de toutes tailles et de secteurs vari\u00e9s\u2026<\/strong><\/p>\n<p><img decoding=\"async\" loading=\"lazy\" class=\"img-fluid aligncenter wp-image-3183\" src=\"https:\/\/backup.larucheindustrielle.fr\/wp-content\/uploads\/2022\/06\/2023-05-31-adherents-1024x447.jpg\" alt=\"\" width=\"800\" height=\"349\" srcset=\"https:\/\/backup.larucheindustrielle.fr\/wp-content\/uploads\/2022\/06\/2023-05-31-adherents-1024x447.jpg 1024w, https:\/\/backup.larucheindustrielle.fr\/wp-content\/uploads\/2022\/06\/2023-05-31-adherents-300x131.jpg 300w, https:\/\/backup.larucheindustrielle.fr\/wp-content\/uploads\/2022\/06\/2023-05-31-adherents-768x335.jpg 768w, https:\/\/backup.larucheindustrielle.fr\/wp-content\/uploads\/2022\/06\/2023-05-31-adherents-50x22.jpg 50w, https:\/\/backup.larucheindustrielle.fr\/wp-content\/uploads\/2022\/06\/2023-05-31-adherents-800x349.jpg 800w, https:\/\/backup.larucheindustrielle.fr\/wp-content\/uploads\/2022\/06\/2023-05-31-adherents-250x109.jpg 250w, https:\/\/backup.larucheindustrielle.fr\/wp-content\/uploads\/2022\/06\/2023-05-31-adherents.jpg 1322w\" sizes=\"(max-width: 800px) 100vw, 800px\"><\/p>\n<p>&nbsp;<\/p>\n<p>Pour Caroline, c\u2019est une \u00e9vidence&nbsp;: \u201c<em>L\u2019industrie de demain, c\u2019est une industrie plus int\u00e9gr\u00e9e dans son territoire et plus en capacit\u00e9 d\u2019int\u00e9grer des indicateurs de performance, de croissance mais aussi sociaux et environnementaux, au service de la production d\u2019\u00e9quipements et de produits qui facilitent la vie et qui apportent des r\u00e9ponses aux enjeux de notre \u00e9poque<\/em> \u201d.<\/p>\n<p>&nbsp;<\/p>\n<h2><span class=\"break-words\"><span dir=\"ltr\">\ud83d\ude80 <\/span><\/span>| Pour aller plus loin<strong> : <\/strong><\/h2>\n<p><strong><a href=\"https:\/\/larucheindustrielle.fr\/activites\/une-usine-a-projet\/\" target=\"_blank\" rel=\"noopener\">Consultez les projets<\/a><\/strong><\/p>\n<p><strong>Contactez Caroline Felix <\/strong>par mail&nbsp; \u00e0&nbsp;<a href=\"mailto:Caroline.felix@larucheindustrielle.fr\">Caroline.felix@larucheindustrielle.fr <\/a>ou par t\u00e9l\u00e9phone : 06 20 19 27 72<\/p>\n<p>[\/et_pb_text][et_pb_video src=\u00a0\u00bbhttps:\/\/www.youtube.com\/watch?v=uRJriiqhF3U\u00a0\u00bb _builder_version=\u00a0\u00bb4.21.0&Prime; _module_preset=\u00a0\u00bbdefault\u00a0\u00bb global_colors_info=\u00a0\u00bb{}\u00a0\u00bb][\/et_pb_video][\/et_pb_column][\/et_pb_row][\/et_pb_section]<\/p>\n","protected":false},"excerpt":{"rendered":"<p>Caroline Felix , Directrice G\u00e9n\u00e9rale et co-fondatrice de la Ruche Industrielle, \u00e9tait l\u2019invit\u00e9e de l&rsquo;\u00e9mission Bonsoir Lyon de BFM TV mardi 16 mai.<\/p>\n<p>Caroline a re\u00e7u la m\u00e9daille de l\u2019Ordre National du M\u00e9rite sur proposition d\u2019Agn\u00e8s Pannier-Runacher pour le projet de la Ruche. Ce projet novateur a d\u00e9sormais valeur d\u2019exemple. Au cours de cette interview, Caroline est revenue sur sa gen\u00e8se.<\/p>\n","protected":false},"author":1,"featured_media":2806,"comment_status":"closed","ping_status":"closed","sticky":false,"template":"","format":"standard","meta":{"_acf_changed":false,"_et_pb_use_builder":"on","_et_pb_old_content":"<section class=\"blockContent blockContent-0\" id=\"blockContent-0\">\r\n<div class=\"contenu_simple_1_col background-blanc margin margin-top-normales margin-bottom-petites\">\r\n    <div class=\"container\">\r\n        <div class=\"row\">\r\n            <div class=\"col-12\">\r\n<h3>Caroline, Directrice G\u00e9n\u00e9rale et co-fondatrice de la Ruche Industrielle, \u00e9tait l\u2019invit\u00e9e de l\u2019\u00e9mission Bonsoir Lyon de BFM TV mardi 16 mai.<\/h3>\r\n<p>Caroline a re\u00e7u la<strong> m\u00e9daille de l\u2019Ordre National du M\u00e9rite<\/strong> sur proposition d\u2019Agn\u00e8s Pannier-Runacher pour le projet de la Ruche. Ce projet novateur a d\u00e9sormais valeur d\u2019exemple. Au cours de cette interview, Caroline est revenue sur sa gen\u00e8se.<\/p>\r\n<h2><strong>Un projet n\u00e9 du terrain<\/strong><\/h2>\r\n<p>Ce projet est <strong>n\u00e9 dans le secteur de l\u2019industrie<\/strong> pour r\u00e9pondre aux<strong> multiples injonctions<\/strong>, parfois contradictoires, qui p\u00e8sent sur les entreprises industrielles :<\/p>\r\n<ul>\r\n<li>La n\u00e9cessit\u00e9 de se r\u00e9inventer sans cesse<\/li>\r\n<li>La n\u00e9cessit\u00e9 de le faire vite<\/li>\r\n<li>La n\u00e9cessit\u00e9 de se digitaliser<\/li>\r\n<li>La n\u00e9cessit\u00e9 de r\u00e9pondre aux nouveaux enjeux environnementaux et sociaux\u2026<\/li>\r\n<\/ul>\r\n<p>Face \u00e0 ce constat, Caroline, et son mari, Bertrand, ont eu l\u2019id\u00e9e de monter un projet original : un lieu embl\u00e9matique d\u2019\u00e9changes et d\u2019innovations. L\u2019expertise d\u00e9velopp\u00e9e pour construire et donner vie \u00e0 ce concept r\u00e9side principalement dans la mise en place et le suivi de <strong>projets inter-entreprises<\/strong>, riches de mutualisation et de connaissances. L\u2019id\u00e9e\u00a0: jouer collectif\u00a0!<\/p>\r\n<p>\u00a0<\/p>\r\n<h2><strong>\u00ab\u00a0Jouer collectif\u00a0\u00bb, la raison d\u2019\u00eatre de la Ruche<\/strong><\/h2>\r\n<p>Pour asseoir le mod\u00e8le d\u2019un point de vue juridique, c\u2019est le mod\u00e8le d\u2019association qui a \u00e9t\u00e9 retenue : une <strong>association de loi 1901<\/strong> fiscalis\u00e9e. Le <strong>facteur cl\u00e9 de succ\u00e8s, c\u2019est la collaboration<\/strong> !<\/p>\r\n<p>Et ce ne sont pas les 17 entreprises adh\u00e9rentes qui diront le contraire ! A savoir : Aldes, Bosch Rexroth, EFI Automotive, Fives, SNCF, Volvo -Renault Trucks, La M\u00e9tropole de Lyon, INSA Lyon, ptc, Groupe SEB, Montabert, Haulotte, ECAM LaSalle, Ecole Centrale de Lyon, Nexter, JTEKT et la CNR (Compagnie Nationale du Rh\u00f4ne).<\/p>\r\n<p><strong>Des entreprises de toutes tailles et de secteurs vari\u00e9s\u2026<\/strong><\/p>\r\n<p><img decoding=\"async\" loading=\"lazy\" class=\"img-fluid aligncenter wp-image-3183\" src=\"https:\/\/backup.larucheindustrielle.fr\/wp-content\/uploads\/2022\/06\/2023-05-31-adherents-1024x447.jpg\" alt=\"\" width=\"800\" height=\"349\" srcset=\"https:\/\/backup.larucheindustrielle.fr\/wp-content\/uploads\/2022\/06\/2023-05-31-adherents-1024x447.jpg 1024w, https:\/\/backup.larucheindustrielle.fr\/wp-content\/uploads\/2022\/06\/2023-05-31-adherents-300x131.jpg 300w, https:\/\/backup.larucheindustrielle.fr\/wp-content\/uploads\/2022\/06\/2023-05-31-adherents-768x335.jpg 768w, https:\/\/backup.larucheindustrielle.fr\/wp-content\/uploads\/2022\/06\/2023-05-31-adherents-50x22.jpg 50w, https:\/\/backup.larucheindustrielle.fr\/wp-content\/uploads\/2022\/06\/2023-05-31-adherents-800x349.jpg 800w, https:\/\/backup.larucheindustrielle.fr\/wp-content\/uploads\/2022\/06\/2023-05-31-adherents-250x109.jpg 250w, https:\/\/backup.larucheindustrielle.fr\/wp-content\/uploads\/2022\/06\/2023-05-31-adherents.jpg 1322w\" sizes=\"(max-width: 800px) 100vw, 800px\"><\/p>\r\n<p>\u00a0<\/p>\r\n<p>Pour Caroline, c\u2019est une \u00e9vidence\u00a0: \u201c<em>L\u2019industrie de demain, c\u2019est une industrie plus int\u00e9gr\u00e9e dans son territoire et plus en capacit\u00e9 d\u2019int\u00e9grer des indicateurs de performance, de croissance mais aussi sociaux et environnementaux, au service de la production d\u2019\u00e9quipements et de produits qui facilitent la vie et qui apportent des r\u00e9ponses aux enjeux de notre \u00e9poque<\/em> \u201d.<\/p>\r\n<p>\u00a0<\/p>\r\n<h2><span class=\"break-words\"><span dir=\"ltr\">\ud83d\ude80 <\/span><\/span>| Pour aller plus loin<strong> : <\/strong><\/h2>\r\n<p><strong><a href=\"https:\/\/backup.larucheindustrielle.fr\/nos-activites\/une-usine-a-projets\/\" target=\"_blank\" rel=\"noopener\">Consultez les projets<\/a><\/strong><\/p>\r\n<p><strong>Contactez Caroline Felix <\/strong>par mail\u00a0 \u00e0\u00a0<a href=\"mailto:Caroline.felix@larucheindustrielle.fr\">Caroline.felix@larucheindustrielle.fr <\/a>ou par t\u00e9l\u00e9phone : 06 20 19 27 72<\/p>\r\n            <\/div>\r\n        <\/div>\r\n    <\/div>\r\n<\/div>        <\/section>\r\n                <section class=\"blockContent blockContent-1\" id=\"blockContent-1\">\r\n            <div class=\"video background-blanc\">\r\n    <div class=\"container position-relative margin margin-top-petites margin-bottom-petites\">\r\n                <div class=\"row\">\r\n            <div class=\"col-12\">\r\n                <div class=\"video-container shadow\">\r\n                    <iframe title=\"La Ruche Industrielle transforme l'industrie : interview de Caroline Felix, Directrice G\u00e9n\u00e9rale\" width=\"640\" height=\"360\" src=\"https:\/\/www.youtube.com\/embed\/uRJriiqhF3U?feature=oembed\" frameborder=\"0\" allow=\"accelerometer; autoplay; clipboard-write; encrypted-media; gyroscope; picture-in-picture; web-share\" allowfullscreen=\"\" data-dashlane-frameid=\"47\"><\/iframe>                <\/div>\r\n            <\/div>\r\n        <\/div>\r\n    <\/div>\r\n<\/div>\r\n<\/section>","_et_gb_content_width":"","footnotes":""},"categories":[23],"tags":[],"class_list":["post-2259","post","type-post","status-publish","format-standard","has-post-thumbnail","hentry","category-le-collectif"],"acf":[],"yoast_head":"<!-- This site is optimized with the Yoast SEO plugin v27.4 - https:\/\/yoast.com\/product\/yoast-seo-wordpress\/ -->\n<title>Comment La Ruche Industrielle impulse-t-elle la transformation de l\u2019industrie ? - La Ruche industrielle<\/title>\n<meta name=\"robots\" content=\"index, follow, max-snippet:-1, max-image-preview:large, max-video-preview:-1\" \/>\n<link rel=\"canonical\" href=\"https:\/\/larucheindustrielle.fr\/fr\/transformation-industrie\/\" \/>\n<meta property=\"og:locale\" content=\"fr_FR\" \/>\n<meta property=\"og:type\" content=\"article\" \/>\n<meta property=\"og:title\" content=\"Comment La Ruche Industrielle impulse-t-elle la transformation de l\u2019industrie ? - La Ruche industrielle\" \/>\n<meta property=\"og:description\" content=\"Caroline Felix , Directrice G\u00e9n\u00e9rale et co-fondatrice de la Ruche Industrielle, \u00e9tait l\u2019invit\u00e9e de l&#039;\u00e9mission Bonsoir Lyon de BFM TV mardi 16 mai.  Caroline a re\u00e7u la m\u00e9daille de l\u2019Ordre National du M\u00e9rite sur proposition d\u2019Agn\u00e8s Pannier-Runacher pour le projet de la Ruche. Ce projet novateur a d\u00e9sormais valeur d\u2019exemple. Au cours de cette interview, Caroline est revenue sur sa gen\u00e8se.\" \/>\n<meta property=\"og:url\" content=\"https:\/\/larucheindustrielle.fr\/fr\/transformation-industrie\/\" \/>\n<meta property=\"og:site_name\" content=\"La Ruche industrielle\" \/>\n<meta property=\"article:published_time\" content=\"2023-06-13T07:00:29+00:00\" \/>\n<meta property=\"article:modified_time\" content=\"2023-07-06T12:42:56+00:00\" \/>\n<meta property=\"og:image\" content=\"https:\/\/larucheindustrielle.fr\/wp-content\/uploads\/2023\/06\/Photos-La-Ruche-Industrielle-Credit-La-Ruche-Industrielle-2-scaled-2.jpg\" \/>\n\t<meta property=\"og:image:width\" content=\"2560\" \/>\n\t<meta property=\"og:image:height\" content=\"1707\" \/>\n\t<meta property=\"og:image:type\" content=\"image\/jpeg\" \/>\n<meta name=\"author\" content=\"neadesign\" \/>\n<meta name=\"twitter:card\" content=\"summary_large_image\" \/>\n<meta name=\"twitter:creator\" content=\"@LaRucheIndus\" \/>\n<meta name=\"twitter:site\" content=\"@LaRucheIndus\" \/>\n<meta name=\"twitter:label1\" content=\"\u00c9crit par\" \/>\n\t<meta name=\"twitter:data1\" content=\"neadesign\" \/>\n\t<meta name=\"twitter:label2\" content=\"Dur\u00e9e de lecture estim\u00e9e\" \/>\n\t<meta name=\"twitter:data2\" content=\"3 minutes\" \/>\n<script type=\"application\/ld+json\" class=\"yoast-schema-graph\">{\"@context\":\"https:\\\/\\\/schema.org\",\"@graph\":[{\"@type\":\"Article\",\"@id\":\"https:\\\/\\\/larucheindustrielle.fr\\\/fr\\\/transformation-industrie\\\/#article\",\"isPartOf\":{\"@id\":\"https:\\\/\\\/larucheindustrielle.fr\\\/fr\\\/transformation-industrie\\\/\"},\"author\":{\"name\":\"neadesign\",\"@id\":\"https:\\\/\\\/larucheindustrielle.fr\\\/fr\\\/#\\\/schema\\\/person\\\/dae7a6dfdf164a42c925b7d0ff826b22\"},\"headline\":\"Comment La Ruche Industrielle impulse-t-elle la transformation de l\u2019industrie ?\",\"datePublished\":\"2023-06-13T07:00:29+00:00\",\"dateModified\":\"2023-07-06T12:42:56+00:00\",\"mainEntityOfPage\":{\"@id\":\"https:\\\/\\\/larucheindustrielle.fr\\\/fr\\\/transformation-industrie\\\/\"},\"wordCount\":657,\"publisher\":{\"@id\":\"https:\\\/\\\/larucheindustrielle.fr\\\/fr\\\/#organization\"},\"image\":{\"@id\":\"https:\\\/\\\/larucheindustrielle.fr\\\/fr\\\/transformation-industrie\\\/#primaryimage\"},\"thumbnailUrl\":\"https:\\\/\\\/larucheindustrielle.fr\\\/wp-content\\\/uploads\\\/2023\\\/06\\\/Photos-La-Ruche-Industrielle-Credit-La-Ruche-Industrielle-2-scaled-2.jpg\",\"articleSection\":[\"Le collectif\"],\"inLanguage\":\"fr-FR\"},{\"@type\":\"WebPage\",\"@id\":\"https:\\\/\\\/larucheindustrielle.fr\\\/fr\\\/transformation-industrie\\\/\",\"url\":\"https:\\\/\\\/larucheindustrielle.fr\\\/fr\\\/transformation-industrie\\\/\",\"name\":\"Comment La Ruche Industrielle impulse-t-elle la transformation de l\u2019industrie ? - La Ruche industrielle\",\"isPartOf\":{\"@id\":\"https:\\\/\\\/larucheindustrielle.fr\\\/fr\\\/#website\"},\"primaryImageOfPage\":{\"@id\":\"https:\\\/\\\/larucheindustrielle.fr\\\/fr\\\/transformation-industrie\\\/#primaryimage\"},\"image\":{\"@id\":\"https:\\\/\\\/larucheindustrielle.fr\\\/fr\\\/transformation-industrie\\\/#primaryimage\"},\"thumbnailUrl\":\"https:\\\/\\\/larucheindustrielle.fr\\\/wp-content\\\/uploads\\\/2023\\\/06\\\/Photos-La-Ruche-Industrielle-Credit-La-Ruche-Industrielle-2-scaled-2.jpg\",\"datePublished\":\"2023-06-13T07:00:29+00:00\",\"dateModified\":\"2023-07-06T12:42:56+00:00\",\"inLanguage\":\"fr-FR\",\"potentialAction\":[{\"@type\":\"ReadAction\",\"target\":[\"https:\\\/\\\/larucheindustrielle.fr\\\/fr\\\/transformation-industrie\\\/\"]}]},{\"@type\":\"ImageObject\",\"inLanguage\":\"fr-FR\",\"@id\":\"https:\\\/\\\/larucheindustrielle.fr\\\/fr\\\/transformation-industrie\\\/#primaryimage\",\"url\":\"https:\\\/\\\/larucheindustrielle.fr\\\/wp-content\\\/uploads\\\/2023\\\/06\\\/Photos-La-Ruche-Industrielle-Credit-La-Ruche-Industrielle-2-scaled-2.jpg\",\"contentUrl\":\"https:\\\/\\\/larucheindustrielle.fr\\\/wp-content\\\/uploads\\\/2023\\\/06\\\/Photos-La-Ruche-Industrielle-Credit-La-Ruche-Industrielle-2-scaled-2.jpg\",\"width\":2560,\"height\":1707},{\"@type\":\"WebSite\",\"@id\":\"https:\\\/\\\/larucheindustrielle.fr\\\/fr\\\/#website\",\"url\":\"https:\\\/\\\/larucheindustrielle.fr\\\/fr\\\/\",\"name\":\"La Ruche industrielle\",\"description\":\"Ici, on construit ensemble l&#039;industrie du futur !\",\"publisher\":{\"@id\":\"https:\\\/\\\/larucheindustrielle.fr\\\/fr\\\/#organization\"},\"potentialAction\":[{\"@type\":\"SearchAction\",\"target\":{\"@type\":\"EntryPoint\",\"urlTemplate\":\"https:\\\/\\\/larucheindustrielle.fr\\\/fr\\\/?s={search_term_string}\"},\"query-input\":{\"@type\":\"PropertyValueSpecification\",\"valueRequired\":true,\"valueName\":\"search_term_string\"}}],\"inLanguage\":\"fr-FR\"},{\"@type\":\"Organization\",\"@id\":\"https:\\\/\\\/larucheindustrielle.fr\\\/fr\\\/#organization\",\"name\":\"La Ruche industrielle\",\"url\":\"https:\\\/\\\/larucheindustrielle.fr\\\/fr\\\/\",\"logo\":{\"@type\":\"ImageObject\",\"inLanguage\":\"fr-FR\",\"@id\":\"https:\\\/\\\/larucheindustrielle.fr\\\/fr\\\/#\\\/schema\\\/logo\\\/image\\\/\",\"url\":\"https:\\\/\\\/larucheindustrielle.fr\\\/wp-content\\\/uploads\\\/2023\\\/06\\\/Home-page-Logo-la-ruche-en-bois.jpg\",\"contentUrl\":\"https:\\\/\\\/larucheindustrielle.fr\\\/wp-content\\\/uploads\\\/2023\\\/06\\\/Home-page-Logo-la-ruche-en-bois.jpg\",\"width\":1280,\"height\":853,\"caption\":\"La Ruche industrielle\"},\"image\":{\"@id\":\"https:\\\/\\\/larucheindustrielle.fr\\\/fr\\\/#\\\/schema\\\/logo\\\/image\\\/\"},\"sameAs\":[\"https:\\\/\\\/x.com\\\/LaRucheIndus\",\"https:\\\/\\\/fr.linkedin.com\\\/company\\\/la-ruche-industrielle\",\"https:\\\/\\\/www.youtube.com\\\/@larucheindustrielle932\",\"https:\\\/\\\/www.instagram.com\\\/larucheindustrielle\\\/\"]},{\"@type\":\"Person\",\"@id\":\"https:\\\/\\\/larucheindustrielle.fr\\\/fr\\\/#\\\/schema\\\/person\\\/dae7a6dfdf164a42c925b7d0ff826b22\",\"name\":\"neadesign\",\"image\":{\"@type\":\"ImageObject\",\"inLanguage\":\"fr-FR\",\"@id\":\"https:\\\/\\\/secure.gravatar.com\\\/avatar\\\/f03310bb945312bbe986d8268a7fb54086b7257fc688803818e8a0baa299c9a4?s=96&d=mm&r=g\",\"url\":\"https:\\\/\\\/secure.gravatar.com\\\/avatar\\\/f03310bb945312bbe986d8268a7fb54086b7257fc688803818e8a0baa299c9a4?s=96&d=mm&r=g\",\"contentUrl\":\"https:\\\/\\\/secure.gravatar.com\\\/avatar\\\/f03310bb945312bbe986d8268a7fb54086b7257fc688803818e8a0baa299c9a4?s=96&d=mm&r=g\",\"caption\":\"neadesign\"},\"sameAs\":[\"https:\\\/\\\/larucheindustrielle.fr\"],\"url\":\"https:\\\/\\\/larucheindustrielle.fr\\\/fr\\\/author\\\/neadesign\\\/\"}]}<\/script>\n<!-- \/ Yoast SEO plugin. -->","yoast_head_json":{"title":"Comment La Ruche Industrielle impulse-t-elle la transformation de l\u2019industrie ? - La Ruche industrielle","robots":{"index":"index","follow":"follow","max-snippet":"max-snippet:-1","max-image-preview":"max-image-preview:large","max-video-preview":"max-video-preview:-1"},"canonical":"https:\/\/larucheindustrielle.fr\/fr\/transformation-industrie\/","og_locale":"fr_FR","og_type":"article","og_title":"Comment La Ruche Industrielle impulse-t-elle la transformation de l\u2019industrie ? - La Ruche industrielle","og_description":"Caroline Felix , Directrice G\u00e9n\u00e9rale et co-fondatrice de la Ruche Industrielle, \u00e9tait l\u2019invit\u00e9e de l'\u00e9mission Bonsoir Lyon de BFM TV mardi 16 mai.  Caroline a re\u00e7u la m\u00e9daille de l\u2019Ordre National du M\u00e9rite sur proposition d\u2019Agn\u00e8s Pannier-Runacher pour le projet de la Ruche. Ce projet novateur a d\u00e9sormais valeur d\u2019exemple. Au cours de cette interview, Caroline est revenue sur sa gen\u00e8se.","og_url":"https:\/\/larucheindustrielle.fr\/fr\/transformation-industrie\/","og_site_name":"La Ruche industrielle","article_published_time":"2023-06-13T07:00:29+00:00","article_modified_time":"2023-07-06T12:42:56+00:00","og_image":[{"width":2560,"height":1707,"url":"https:\/\/larucheindustrielle.fr\/wp-content\/uploads\/2023\/06\/Photos-La-Ruche-Industrielle-Credit-La-Ruche-Industrielle-2-scaled-2.jpg","type":"image\/jpeg"}],"author":"neadesign","twitter_card":"summary_large_image","twitter_creator":"@LaRucheIndus","twitter_site":"@LaRucheIndus","twitter_misc":{"\u00c9crit par":"neadesign","Dur\u00e9e de lecture estim\u00e9e":"3 minutes"},"schema":{"@context":"https:\/\/schema.org","@graph":[{"@type":"Article","@id":"https:\/\/larucheindustrielle.fr\/fr\/transformation-industrie\/#article","isPartOf":{"@id":"https:\/\/larucheindustrielle.fr\/fr\/transformation-industrie\/"},"author":{"name":"neadesign","@id":"https:\/\/larucheindustrielle.fr\/fr\/#\/schema\/person\/dae7a6dfdf164a42c925b7d0ff826b22"},"headline":"Comment La Ruche Industrielle impulse-t-elle la transformation de l\u2019industrie ?","datePublished":"2023-06-13T07:00:29+00:00","dateModified":"2023-07-06T12:42:56+00:00","mainEntityOfPage":{"@id":"https:\/\/larucheindustrielle.fr\/fr\/transformation-industrie\/"},"wordCount":657,"publisher":{"@id":"https:\/\/larucheindustrielle.fr\/fr\/#organization"},"image":{"@id":"https:\/\/larucheindustrielle.fr\/fr\/transformation-industrie\/#primaryimage"},"thumbnailUrl":"https:\/\/larucheindustrielle.fr\/wp-content\/uploads\/2023\/06\/Photos-La-Ruche-Industrielle-Credit-La-Ruche-Industrielle-2-scaled-2.jpg","articleSection":["Le collectif"],"inLanguage":"fr-FR"},{"@type":"WebPage","@id":"https:\/\/larucheindustrielle.fr\/fr\/transformation-industrie\/","url":"https:\/\/larucheindustrielle.fr\/fr\/transformation-industrie\/","name":"Comment La Ruche Industrielle impulse-t-elle la transformation de l\u2019industrie ? - La Ruche industrielle","isPartOf":{"@id":"https:\/\/larucheindustrielle.fr\/fr\/#website"},"primaryImageOfPage":{"@id":"https:\/\/larucheindustrielle.fr\/fr\/transformation-industrie\/#primaryimage"},"image":{"@id":"https:\/\/larucheindustrielle.fr\/fr\/transformation-industrie\/#primaryimage"},"thumbnailUrl":"https:\/\/larucheindustrielle.fr\/wp-content\/uploads\/2023\/06\/Photos-La-Ruche-Industrielle-Credit-La-Ruche-Industrielle-2-scaled-2.jpg","datePublished":"2023-06-13T07:00:29+00:00","dateModified":"2023-07-06T12:42:56+00:00","inLanguage":"fr-FR","potentialAction":[{"@type":"ReadAction","target":["https:\/\/larucheindustrielle.fr\/fr\/transformation-industrie\/"]}]},{"@type":"ImageObject","inLanguage":"fr-FR","@id":"https:\/\/larucheindustrielle.fr\/fr\/transformation-industrie\/#primaryimage","url":"https:\/\/larucheindustrielle.fr\/wp-content\/uploads\/2023\/06\/Photos-La-Ruche-Industrielle-Credit-La-Ruche-Industrielle-2-scaled-2.jpg","contentUrl":"https:\/\/larucheindustrielle.fr\/wp-content\/uploads\/2023\/06\/Photos-La-Ruche-Industrielle-Credit-La-Ruche-Industrielle-2-scaled-2.jpg","width":2560,"height":1707},{"@type":"WebSite","@id":"https:\/\/larucheindustrielle.fr\/fr\/#website","url":"https:\/\/larucheindustrielle.fr\/fr\/","name":"La Ruche industrielle","description":"Ici, on construit ensemble l&#039;industrie du futur !","publisher":{"@id":"https:\/\/larucheindustrielle.fr\/fr\/#organization"},"potentialAction":[{"@type":"SearchAction","target":{"@type":"EntryPoint","urlTemplate":"https:\/\/larucheindustrielle.fr\/fr\/?s={search_term_string}"},"query-input":{"@type":"PropertyValueSpecification","valueRequired":true,"valueName":"search_term_string"}}],"inLanguage":"fr-FR"},{"@type":"Organization","@id":"https:\/\/larucheindustrielle.fr\/fr\/#organization","name":"La Ruche industrielle","url":"https:\/\/larucheindustrielle.fr\/fr\/","logo":{"@type":"ImageObject","inLanguage":"fr-FR","@id":"https:\/\/larucheindustrielle.fr\/fr\/#\/schema\/logo\/image\/","url":"https:\/\/larucheindustrielle.fr\/wp-content\/uploads\/2023\/06\/Home-page-Logo-la-ruche-en-bois.jpg","contentUrl":"https:\/\/larucheindustrielle.fr\/wp-content\/uploads\/2023\/06\/Home-page-Logo-la-ruche-en-bois.jpg","width":1280,"height":853,"caption":"La Ruche industrielle"},"image":{"@id":"https:\/\/larucheindustrielle.fr\/fr\/#\/schema\/logo\/image\/"},"sameAs":["https:\/\/x.com\/LaRucheIndus","https:\/\/fr.linkedin.com\/company\/la-ruche-industrielle","https:\/\/www.youtube.com\/@larucheindustrielle932","https:\/\/www.instagram.com\/larucheindustrielle\/"]},{"@type":"Person","@id":"https:\/\/larucheindustrielle.fr\/fr\/#\/schema\/person\/dae7a6dfdf164a42c925b7d0ff826b22","name":"neadesign","image":{"@type":"ImageObject","inLanguage":"fr-FR","@id":"https:\/\/secure.gravatar.com\/avatar\/f03310bb945312bbe986d8268a7fb54086b7257fc688803818e8a0baa299c9a4?s=96&d=mm&r=g","url":"https:\/\/secure.gravatar.com\/avatar\/f03310bb945312bbe986d8268a7fb54086b7257fc688803818e8a0baa299c9a4?s=96&d=mm&r=g","contentUrl":"https:\/\/secure.gravatar.com\/avatar\/f03310bb945312bbe986d8268a7fb54086b7257fc688803818e8a0baa299c9a4?s=96&d=mm&r=g","caption":"neadesign"},"sameAs":["https:\/\/larucheindustrielle.fr"],"url":"https:\/\/larucheindustrielle.fr\/fr\/author\/neadesign\/"}]}},"publishpress_future_workflow_manual_trigger":{"enabledWorkflows":[]},"_links":{"self":[{"href":"https:\/\/larucheindustrielle.fr\/fr\/wp-json\/wp\/v2\/posts\/2259","targetHints":{"allow":["GET"]}}],"collection":[{"href":"https:\/\/larucheindustrielle.fr\/fr\/wp-json\/wp\/v2\/posts"}],"about":[{"href":"https:\/\/larucheindustrielle.fr\/fr\/wp-json\/wp\/v2\/types\/post"}],"author":[{"embeddable":true,"href":"https:\/\/larucheindustrielle.fr\/fr\/wp-json\/wp\/v2\/users\/1"}],"replies":[{"embeddable":true,"href":"https:\/\/larucheindustrielle.fr\/fr\/wp-json\/wp\/v2\/comments?post=2259"}],"version-history":[{"count":0,"href":"https:\/\/larucheindustrielle.fr\/fr\/wp-json\/wp\/v2\/posts\/2259\/revisions"}],"wp:featuredmedia":[{"embeddable":true,"href":"https:\/\/larucheindustrielle.fr\/fr\/wp-json\/wp\/v2\/media\/2806"}],"wp:attachment":[{"href":"https:\/\/larucheindustrielle.fr\/fr\/wp-json\/wp\/v2\/media?parent=2259"}],"wp:term":[{"taxonomy":"category","embeddable":true,"href":"https:\/\/larucheindustrielle.fr\/fr\/wp-json\/wp\/v2\/categories?post=2259"},{"taxonomy":"post_tag","embeddable":true,"href":"https:\/\/larucheindustrielle.fr\/fr\/wp-json\/wp\/v2\/tags?post=2259"}],"curies":[{"name":"wp","href":"https:\/\/api.w.org\/{rel}","templated":true}]}}