{"id":4009,"date":"2023-11-10T12:01:11","date_gmt":"2023-11-10T11:01:11","guid":{"rendered":"https:\/\/larucheindustrielle.fr\/?p=4009"},"modified":"2023-12-13T14:10:27","modified_gmt":"2023-12-13T13:10:27","slug":"solidarite-sans-abris","status":"publish","type":"post","link":"https:\/\/larucheindustrielle.fr\/fr\/solidarite-sans-abris\/","title":{"rendered":"Action solidaire pour les sans abris"},"content":{"rendered":"<p>[et_pb_section fb_built=\u00a0\u00bb1&Prime; fullwidth=\u00a0\u00bbon\u00a0\u00bb admin_label=\u00a0\u00bbTitre Actualit\u00e9 (+miniature)\u00a0\u00bb _builder_version=\u00a0\u00bb4.23.1&Prime; _module_preset=\u00a0\u00bbdefault\u00a0\u00bb da_disable_devices=\u00a0\u00bboff|off|off\u00a0\u00bb global_module=\u00a0\u00bb2768&Prime; saved_tabs=\u00a0\u00bball\u00a0\u00bb collapsed=\u00a0\u00bbon\u00a0\u00bb global_colors_info=\u00a0\u00bb{}\u00a0\u00bb da_is_popup=\u00a0\u00bboff\u00a0\u00bb da_exit_intent=\u00a0\u00bboff\u00a0\u00bb da_has_close=\u00a0\u00bbon\u00a0\u00bb da_alt_close=\u00a0\u00bboff\u00a0\u00bb da_dark_close=\u00a0\u00bboff\u00a0\u00bb da_not_modal=\u00a0\u00bbon\u00a0\u00bb da_is_singular=\u00a0\u00bboff\u00a0\u00bb da_with_loader=\u00a0\u00bboff\u00a0\u00bb da_has_shadow=\u00a0\u00bbon\u00a0\u00bb][et_pb_fullwidth_post_title author=\u00a0\u00bboff\u00a0\u00bb date_format=\u00a0\u00bbj M Y\u00a0\u00bb comments=\u00a0\u00bboff\u00a0\u00bb _builder_version=\u00a0\u00bb4.21.0&Prime; _module_preset=\u00a0\u00bbdefault\u00a0\u00bb global_colors_info=\u00a0\u00bb{}\u00a0\u00bb][\/et_pb_fullwidth_post_title][\/et_pb_section][et_pb_section fb_built=\u00a0\u00bb1&Prime; _builder_version=\u00a0\u00bb4.23.1&Prime; da_disable_devices=\u00a0\u00bboff|off|off\u00a0\u00bb collapsed=\u00a0\u00bboff\u00a0\u00bb global_colors_info=\u00a0\u00bb{}\u00a0\u00bb da_is_popup=\u00a0\u00bboff\u00a0\u00bb da_exit_intent=\u00a0\u00bboff\u00a0\u00bb da_has_close=\u00a0\u00bbon\u00a0\u00bb da_alt_close=\u00a0\u00bboff\u00a0\u00bb da_dark_close=\u00a0\u00bboff\u00a0\u00bb da_not_modal=\u00a0\u00bbon\u00a0\u00bb da_is_singular=\u00a0\u00bboff\u00a0\u00bb da_with_loader=\u00a0\u00bboff\u00a0\u00bb da_has_shadow=\u00a0\u00bbon\u00a0\u00bb][et_pb_row use_custom_gutter=\u00a0\u00bbon\u00a0\u00bb gutter_width=\u00a0\u00bb1&Prime; _builder_version=\u00a0\u00bb4.23.1&Prime; background_size=\u00a0\u00bbinitial\u00a0\u00bb background_position=\u00a0\u00bbtop_left\u00a0\u00bb background_repeat=\u00a0\u00bbrepeat\u00a0\u00bb global_colors_info=\u00a0\u00bb{}\u00a0\u00bb][et_pb_column type=\u00a0\u00bb4_4&Prime; _builder_version=\u00a0\u00bb4.16&Prime; custom_padding=\u00a0\u00bb|||\u00a0\u00bb global_colors_info=\u00a0\u00bb{}\u00a0\u00bb custom_padding__hover=\u00a0\u00bb|||\u00a0\u00bb][et_pb_text admin_label=\u00a0\u00bbTexte\u00a0\u00bb _builder_version=\u00a0\u00bb4.23.1&Prime; background_size=\u00a0\u00bbinitial\u00a0\u00bb background_position=\u00a0\u00bbtop_left\u00a0\u00bb background_repeat=\u00a0\u00bbrepeat\u00a0\u00bb hover_enabled=\u00a0\u00bb0&Prime; global_colors_info=\u00a0\u00bb{}\u00a0\u00bb sticky_enabled=\u00a0\u00bb0&Prime;]<\/p>\n<h4>\u200bLes personnes sans abri sont \u00e0 ce jour de plus en plus nombreuses, et parmi elles, des femmes. Toutes des personnes en qu\u00eate de dignit\u00e9 et de f\u00e9minit\u00e9.<\/h4>\n<h4>Pour les aider, il est possible de faire un geste simple, sans que cela vous co\u00fbte : avec des dons de produits d\u2019\u00e9chantillons, non utilis\u00e9s, non entam\u00e9s, non p\u00e9rim\u00e9s bien s\u00fbr, savons, gels douche, shampoings, protections p\u00e9riodiques&#8230;<\/h4>\n<h4>Dans le cadre de l&rsquo;animation du site USIN, La Ruche Industrielle s&rsquo;est associ\u00e9e \u00e0 l&rsquo;association F\u00e9minit\u00e9 Sans Abri (FSA) qui collecte, assemble et distribue des kits d\u2019hygi\u00e8ne et de confort \u00e0 destination des personnes en difficult\u00e9.<\/h4>\n<p>&nbsp;<\/p>\n<h2>Participez \u00e0 la collecte de produits d&rsquo;hygi\u00e8ne<\/h2>\n<p><strong>C&rsquo;est facile ! Vous pouvez d\u00e9poser vos dons \u00e0 l&rsquo;entr\u00e9e de La Ruche Industrielle<\/strong>. Quand la borne sera pleine, l&rsquo;association viendra la r\u00e9cup\u00e9rer pour assurer la distribution.<\/p>\n<p><img loading=\"lazy\" decoding=\"async\" class=\"alignnone wp-image-4036 \" src=\"https:\/\/larucheindustrielle.fr\/wp-content\/uploads\/2023\/11\/boite-FSA-2.jpg\" alt=\"\" width=\"368\" height=\"590\" \/><\/p>\n<p><strong>Les produits collect\u00e9s :<\/strong><\/p>\n<p><img loading=\"lazy\" decoding=\"async\" class=\"alignnone wp-image-4014 \" src=\"https:\/\/larucheindustrielle.fr\/wp-content\/uploads\/2023\/11\/FSA-Produits-Collectes-jpg.jpg\" alt=\"\" width=\"368\" height=\"516\" \/><\/p>\n<p>L&rsquo;occasion de vider vos placards et d&rsquo;aider ainsi des personnes en difficult\u00e9\u2026<\/p>\n<p>&nbsp;<\/p>\n<blockquote>\n<h2><strong>F\u00e9minit\u00e9s Sans Abri<br \/><\/strong><\/h2>\n<p>F\u00e9minit\u00e9s Sans Abri est une <strong>association loi 1901 cr\u00e9\u00e9e en 2017<\/strong>.<\/p>\n<ul>\n<li>Elle vise \u00e0 <strong>lutter contre la pr\u00e9carit\u00e9<\/strong> en collectant des produits d&rsquo;hygi\u00e8ne et de beaut\u00e9 et les distribuant sous forme de kits.<\/li>\n<li>Les b\u00e9n\u00e9ficiaires sont des hommes, femmes, enfants et famille sans distinction d&rsquo;\u00e2ge, de religion ou de sexe.<\/li>\n<\/ul>\n<p><strong>Pour en savoir plus : <a href=\"https:\/\/feminitesansabri.fr\" target=\"_blank\" rel=\"noopener\">https:\/\/feminitesansabri.fr<\/a><\/strong><\/p>\n<p>&nbsp;<\/p>\n<\/blockquote>\n<p>[\/et_pb_text][\/et_pb_column][\/et_pb_row][\/et_pb_section]<\/p>\n","protected":false},"excerpt":{"rendered":"<p>La Ruche Industrielle propose depuis 2022 des plats cuisin\u00e9s, \u00e0 consommer sur place ou \u00e0 emporter, par le biais du partenariat avec l\u2019entreprise Fricots. Certain(e)s connaissent d\u00e9j\u00e0 bien ses bons petits plats et y reviennent r\u00e9guli\u00e8rement\u2026<\/p>\n","protected":false},"author":3,"featured_media":4024,"comment_status":"closed","ping_status":"closed","sticky":false,"template":"","format":"standard","meta":{"_acf_changed":false,"_et_pb_use_builder":"on","_et_pb_old_content":"","_et_gb_content_width":"","footnotes":""},"categories":[33],"tags":[],"class_list":["post-4009","post","type-post","status-publish","format-standard","has-post-thumbnail","hentry","category-le-lieu"],"acf":[],"yoast_head":"<!-- This site is optimized with the Yoast SEO plugin v27.4 - https:\/\/yoast.com\/product\/yoast-seo-wordpress\/ -->\n<title>Action solidaire pour les sans abris - La Ruche industrielle<\/title>\n<meta name=\"description\" content=\"Animation USIN : La Ruche Industrielle s&#039;est associ\u00e9e \u00e0 F\u00e9minit\u00e9 Sans Abri pour collecter des kits d\u2019hygi\u00e8ne et de confort.\" \/>\n<meta name=\"robots\" content=\"index, follow, max-snippet:-1, max-image-preview:large, max-video-preview:-1\" \/>\n<link rel=\"canonical\" href=\"https:\/\/larucheindustrielle.fr\/fr\/solidarite-sans-abris\/\" \/>\n<meta property=\"og:locale\" content=\"fr_FR\" \/>\n<meta property=\"og:type\" content=\"article\" \/>\n<meta property=\"og:title\" content=\"Action solidaire pour les sans abris - La Ruche industrielle\" \/>\n<meta property=\"og:description\" content=\"Animation USIN : La Ruche Industrielle s&#039;est associ\u00e9e \u00e0 F\u00e9minit\u00e9 Sans Abri pour collecter des kits d\u2019hygi\u00e8ne et de confort.\" \/>\n<meta property=\"og:url\" content=\"https:\/\/larucheindustrielle.fr\/fr\/solidarite-sans-abris\/\" \/>\n<meta property=\"og:site_name\" content=\"La Ruche industrielle\" \/>\n<meta property=\"article:published_time\" content=\"2023-11-10T11:01:11+00:00\" \/>\n<meta property=\"article:modified_time\" content=\"2023-12-13T13:10:27+00:00\" \/>\n<meta property=\"og:image\" content=\"https:\/\/larucheindustrielle.fr\/wp-content\/uploads\/2023\/11\/homeless-2090507_1280.jpg\" \/>\n\t<meta property=\"og:image:width\" content=\"1280\" \/>\n\t<meta property=\"og:image:height\" content=\"853\" \/>\n\t<meta property=\"og:image:type\" content=\"image\/jpeg\" \/>\n<meta name=\"author\" content=\"C\u00e9line Brossard\" \/>\n<meta name=\"twitter:card\" content=\"summary_large_image\" \/>\n<meta name=\"twitter:creator\" content=\"@LaRucheIndus\" \/>\n<meta name=\"twitter:site\" content=\"@LaRucheIndus\" \/>\n<meta name=\"twitter:label1\" content=\"\u00c9crit par\" \/>\n\t<meta name=\"twitter:data1\" content=\"C\u00e9line Brossard\" \/>\n\t<meta name=\"twitter:label2\" content=\"Dur\u00e9e de lecture estim\u00e9e\" \/>\n\t<meta name=\"twitter:data2\" content=\"2 minutes\" \/>\n<script type=\"application\/ld+json\" class=\"yoast-schema-graph\">{\"@context\":\"https:\\\/\\\/schema.org\",\"@graph\":[{\"@type\":\"Article\",\"@id\":\"https:\\\/\\\/larucheindustrielle.fr\\\/fr\\\/solidarite-sans-abris\\\/#article\",\"isPartOf\":{\"@id\":\"https:\\\/\\\/larucheindustrielle.fr\\\/fr\\\/solidarite-sans-abris\\\/\"},\"author\":{\"name\":\"C\u00e9line Brossard\",\"@id\":\"https:\\\/\\\/larucheindustrielle.fr\\\/fr\\\/#\\\/schema\\\/person\\\/25c0164b97fd16b58602fd12915400bf\"},\"headline\":\"Action solidaire pour les sans abris\",\"datePublished\":\"2023-11-10T11:01:11+00:00\",\"dateModified\":\"2023-12-13T13:10:27+00:00\",\"mainEntityOfPage\":{\"@id\":\"https:\\\/\\\/larucheindustrielle.fr\\\/fr\\\/solidarite-sans-abris\\\/\"},\"wordCount\":477,\"publisher\":{\"@id\":\"https:\\\/\\\/larucheindustrielle.fr\\\/fr\\\/#organization\"},\"image\":{\"@id\":\"https:\\\/\\\/larucheindustrielle.fr\\\/fr\\\/solidarite-sans-abris\\\/#primaryimage\"},\"thumbnailUrl\":\"https:\\\/\\\/larucheindustrielle.fr\\\/wp-content\\\/uploads\\\/2023\\\/11\\\/homeless-2090507_1280.jpg\",\"articleSection\":[\"Le lieu\"],\"inLanguage\":\"fr-FR\"},{\"@type\":\"WebPage\",\"@id\":\"https:\\\/\\\/larucheindustrielle.fr\\\/fr\\\/solidarite-sans-abris\\\/\",\"url\":\"https:\\\/\\\/larucheindustrielle.fr\\\/fr\\\/solidarite-sans-abris\\\/\",\"name\":\"Action solidaire pour les sans abris - La Ruche industrielle\",\"isPartOf\":{\"@id\":\"https:\\\/\\\/larucheindustrielle.fr\\\/fr\\\/#website\"},\"primaryImageOfPage\":{\"@id\":\"https:\\\/\\\/larucheindustrielle.fr\\\/fr\\\/solidarite-sans-abris\\\/#primaryimage\"},\"image\":{\"@id\":\"https:\\\/\\\/larucheindustrielle.fr\\\/fr\\\/solidarite-sans-abris\\\/#primaryimage\"},\"thumbnailUrl\":\"https:\\\/\\\/larucheindustrielle.fr\\\/wp-content\\\/uploads\\\/2023\\\/11\\\/homeless-2090507_1280.jpg\",\"datePublished\":\"2023-11-10T11:01:11+00:00\",\"dateModified\":\"2023-12-13T13:10:27+00:00\",\"description\":\"Animation USIN : La Ruche Industrielle s'est associ\u00e9e \u00e0 F\u00e9minit\u00e9 Sans Abri pour collecter des kits d\u2019hygi\u00e8ne et de confort.\",\"inLanguage\":\"fr-FR\",\"potentialAction\":[{\"@type\":\"ReadAction\",\"target\":[\"https:\\\/\\\/larucheindustrielle.fr\\\/fr\\\/solidarite-sans-abris\\\/\"]}]},{\"@type\":\"ImageObject\",\"inLanguage\":\"fr-FR\",\"@id\":\"https:\\\/\\\/larucheindustrielle.fr\\\/fr\\\/solidarite-sans-abris\\\/#primaryimage\",\"url\":\"https:\\\/\\\/larucheindustrielle.fr\\\/wp-content\\\/uploads\\\/2023\\\/11\\\/homeless-2090507_1280.jpg\",\"contentUrl\":\"https:\\\/\\\/larucheindustrielle.fr\\\/wp-content\\\/uploads\\\/2023\\\/11\\\/homeless-2090507_1280.jpg\",\"width\":1280,\"height\":853},{\"@type\":\"WebSite\",\"@id\":\"https:\\\/\\\/larucheindustrielle.fr\\\/fr\\\/#website\",\"url\":\"https:\\\/\\\/larucheindustrielle.fr\\\/fr\\\/\",\"name\":\"La Ruche industrielle\",\"description\":\"Ici, on construit ensemble l&#039;industrie du futur !\",\"publisher\":{\"@id\":\"https:\\\/\\\/larucheindustrielle.fr\\\/fr\\\/#organization\"},\"potentialAction\":[{\"@type\":\"SearchAction\",\"target\":{\"@type\":\"EntryPoint\",\"urlTemplate\":\"https:\\\/\\\/larucheindustrielle.fr\\\/fr\\\/?s={search_term_string}\"},\"query-input\":{\"@type\":\"PropertyValueSpecification\",\"valueRequired\":true,\"valueName\":\"search_term_string\"}}],\"inLanguage\":\"fr-FR\"},{\"@type\":\"Organization\",\"@id\":\"https:\\\/\\\/larucheindustrielle.fr\\\/fr\\\/#organization\",\"name\":\"La Ruche industrielle\",\"url\":\"https:\\\/\\\/larucheindustrielle.fr\\\/fr\\\/\",\"logo\":{\"@type\":\"ImageObject\",\"inLanguage\":\"fr-FR\",\"@id\":\"https:\\\/\\\/larucheindustrielle.fr\\\/fr\\\/#\\\/schema\\\/logo\\\/image\\\/\",\"url\":\"https:\\\/\\\/larucheindustrielle.fr\\\/wp-content\\\/uploads\\\/2023\\\/06\\\/Home-page-Logo-la-ruche-en-bois.jpg\",\"contentUrl\":\"https:\\\/\\\/larucheindustrielle.fr\\\/wp-content\\\/uploads\\\/2023\\\/06\\\/Home-page-Logo-la-ruche-en-bois.jpg\",\"width\":1280,\"height\":853,\"caption\":\"La Ruche industrielle\"},\"image\":{\"@id\":\"https:\\\/\\\/larucheindustrielle.fr\\\/fr\\\/#\\\/schema\\\/logo\\\/image\\\/\"},\"sameAs\":[\"https:\\\/\\\/x.com\\\/LaRucheIndus\",\"https:\\\/\\\/fr.linkedin.com\\\/company\\\/la-ruche-industrielle\",\"https:\\\/\\\/www.youtube.com\\\/@larucheindustrielle932\",\"https:\\\/\\\/www.instagram.com\\\/larucheindustrielle\\\/\"]},{\"@type\":\"Person\",\"@id\":\"https:\\\/\\\/larucheindustrielle.fr\\\/fr\\\/#\\\/schema\\\/person\\\/25c0164b97fd16b58602fd12915400bf\",\"name\":\"C\u00e9line Brossard\",\"image\":{\"@type\":\"ImageObject\",\"inLanguage\":\"fr-FR\",\"@id\":\"https:\\\/\\\/secure.gravatar.com\\\/avatar\\\/5bb3e14e1572789c87c5cffb4ed8e9fd127915b203bdaea5d253ce8137bde5ec?s=96&d=mm&r=g\",\"url\":\"https:\\\/\\\/secure.gravatar.com\\\/avatar\\\/5bb3e14e1572789c87c5cffb4ed8e9fd127915b203bdaea5d253ce8137bde5ec?s=96&d=mm&r=g\",\"contentUrl\":\"https:\\\/\\\/secure.gravatar.com\\\/avatar\\\/5bb3e14e1572789c87c5cffb4ed8e9fd127915b203bdaea5d253ce8137bde5ec?s=96&d=mm&r=g\",\"caption\":\"C\u00e9line Brossard\"},\"url\":\"https:\\\/\\\/larucheindustrielle.fr\\\/fr\\\/author\\\/adminlaruche\\\/\"}]}<\/script>\n<!-- \/ Yoast SEO plugin. -->","yoast_head_json":{"title":"Action solidaire pour les sans abris - La Ruche industrielle","description":"Animation USIN : La Ruche Industrielle s'est associ\u00e9e \u00e0 F\u00e9minit\u00e9 Sans Abri pour collecter des kits d\u2019hygi\u00e8ne et de confort.","robots":{"index":"index","follow":"follow","max-snippet":"max-snippet:-1","max-image-preview":"max-image-preview:large","max-video-preview":"max-video-preview:-1"},"canonical":"https:\/\/larucheindustrielle.fr\/fr\/solidarite-sans-abris\/","og_locale":"fr_FR","og_type":"article","og_title":"Action solidaire pour les sans abris - La Ruche industrielle","og_description":"Animation USIN : La Ruche Industrielle s'est associ\u00e9e \u00e0 F\u00e9minit\u00e9 Sans Abri pour collecter des kits d\u2019hygi\u00e8ne et de confort.","og_url":"https:\/\/larucheindustrielle.fr\/fr\/solidarite-sans-abris\/","og_site_name":"La Ruche industrielle","article_published_time":"2023-11-10T11:01:11+00:00","article_modified_time":"2023-12-13T13:10:27+00:00","og_image":[{"width":1280,"height":853,"url":"https:\/\/larucheindustrielle.fr\/wp-content\/uploads\/2023\/11\/homeless-2090507_1280.jpg","type":"image\/jpeg"}],"author":"C\u00e9line Brossard","twitter_card":"summary_large_image","twitter_creator":"@LaRucheIndus","twitter_site":"@LaRucheIndus","twitter_misc":{"\u00c9crit par":"C\u00e9line Brossard","Dur\u00e9e de lecture estim\u00e9e":"2 minutes"},"schema":{"@context":"https:\/\/schema.org","@graph":[{"@type":"Article","@id":"https:\/\/larucheindustrielle.fr\/fr\/solidarite-sans-abris\/#article","isPartOf":{"@id":"https:\/\/larucheindustrielle.fr\/fr\/solidarite-sans-abris\/"},"author":{"name":"C\u00e9line Brossard","@id":"https:\/\/larucheindustrielle.fr\/fr\/#\/schema\/person\/25c0164b97fd16b58602fd12915400bf"},"headline":"Action solidaire pour les sans abris","datePublished":"2023-11-10T11:01:11+00:00","dateModified":"2023-12-13T13:10:27+00:00","mainEntityOfPage":{"@id":"https:\/\/larucheindustrielle.fr\/fr\/solidarite-sans-abris\/"},"wordCount":477,"publisher":{"@id":"https:\/\/larucheindustrielle.fr\/fr\/#organization"},"image":{"@id":"https:\/\/larucheindustrielle.fr\/fr\/solidarite-sans-abris\/#primaryimage"},"thumbnailUrl":"https:\/\/larucheindustrielle.fr\/wp-content\/uploads\/2023\/11\/homeless-2090507_1280.jpg","articleSection":["Le lieu"],"inLanguage":"fr-FR"},{"@type":"WebPage","@id":"https:\/\/larucheindustrielle.fr\/fr\/solidarite-sans-abris\/","url":"https:\/\/larucheindustrielle.fr\/fr\/solidarite-sans-abris\/","name":"Action solidaire pour les sans abris - La Ruche industrielle","isPartOf":{"@id":"https:\/\/larucheindustrielle.fr\/fr\/#website"},"primaryImageOfPage":{"@id":"https:\/\/larucheindustrielle.fr\/fr\/solidarite-sans-abris\/#primaryimage"},"image":{"@id":"https:\/\/larucheindustrielle.fr\/fr\/solidarite-sans-abris\/#primaryimage"},"thumbnailUrl":"https:\/\/larucheindustrielle.fr\/wp-content\/uploads\/2023\/11\/homeless-2090507_1280.jpg","datePublished":"2023-11-10T11:01:11+00:00","dateModified":"2023-12-13T13:10:27+00:00","description":"Animation USIN : La Ruche Industrielle s'est associ\u00e9e \u00e0 F\u00e9minit\u00e9 Sans Abri pour collecter des kits d\u2019hygi\u00e8ne et de confort.","inLanguage":"fr-FR","potentialAction":[{"@type":"ReadAction","target":["https:\/\/larucheindustrielle.fr\/fr\/solidarite-sans-abris\/"]}]},{"@type":"ImageObject","inLanguage":"fr-FR","@id":"https:\/\/larucheindustrielle.fr\/fr\/solidarite-sans-abris\/#primaryimage","url":"https:\/\/larucheindustrielle.fr\/wp-content\/uploads\/2023\/11\/homeless-2090507_1280.jpg","contentUrl":"https:\/\/larucheindustrielle.fr\/wp-content\/uploads\/2023\/11\/homeless-2090507_1280.jpg","width":1280,"height":853},{"@type":"WebSite","@id":"https:\/\/larucheindustrielle.fr\/fr\/#website","url":"https:\/\/larucheindustrielle.fr\/fr\/","name":"La Ruche industrielle","description":"Ici, on construit ensemble l&#039;industrie du futur !","publisher":{"@id":"https:\/\/larucheindustrielle.fr\/fr\/#organization"},"potentialAction":[{"@type":"SearchAction","target":{"@type":"EntryPoint","urlTemplate":"https:\/\/larucheindustrielle.fr\/fr\/?s={search_term_string}"},"query-input":{"@type":"PropertyValueSpecification","valueRequired":true,"valueName":"search_term_string"}}],"inLanguage":"fr-FR"},{"@type":"Organization","@id":"https:\/\/larucheindustrielle.fr\/fr\/#organization","name":"La Ruche industrielle","url":"https:\/\/larucheindustrielle.fr\/fr\/","logo":{"@type":"ImageObject","inLanguage":"fr-FR","@id":"https:\/\/larucheindustrielle.fr\/fr\/#\/schema\/logo\/image\/","url":"https:\/\/larucheindustrielle.fr\/wp-content\/uploads\/2023\/06\/Home-page-Logo-la-ruche-en-bois.jpg","contentUrl":"https:\/\/larucheindustrielle.fr\/wp-content\/uploads\/2023\/06\/Home-page-Logo-la-ruche-en-bois.jpg","width":1280,"height":853,"caption":"La Ruche industrielle"},"image":{"@id":"https:\/\/larucheindustrielle.fr\/fr\/#\/schema\/logo\/image\/"},"sameAs":["https:\/\/x.com\/LaRucheIndus","https:\/\/fr.linkedin.com\/company\/la-ruche-industrielle","https:\/\/www.youtube.com\/@larucheindustrielle932","https:\/\/www.instagram.com\/larucheindustrielle\/"]},{"@type":"Person","@id":"https:\/\/larucheindustrielle.fr\/fr\/#\/schema\/person\/25c0164b97fd16b58602fd12915400bf","name":"C\u00e9line Brossard","image":{"@type":"ImageObject","inLanguage":"fr-FR","@id":"https:\/\/secure.gravatar.com\/avatar\/5bb3e14e1572789c87c5cffb4ed8e9fd127915b203bdaea5d253ce8137bde5ec?s=96&d=mm&r=g","url":"https:\/\/secure.gravatar.com\/avatar\/5bb3e14e1572789c87c5cffb4ed8e9fd127915b203bdaea5d253ce8137bde5ec?s=96&d=mm&r=g","contentUrl":"https:\/\/secure.gravatar.com\/avatar\/5bb3e14e1572789c87c5cffb4ed8e9fd127915b203bdaea5d253ce8137bde5ec?s=96&d=mm&r=g","caption":"C\u00e9line Brossard"},"url":"https:\/\/larucheindustrielle.fr\/fr\/author\/adminlaruche\/"}]}},"publishpress_future_workflow_manual_trigger":{"enabledWorkflows":[]},"_links":{"self":[{"href":"https:\/\/larucheindustrielle.fr\/fr\/wp-json\/wp\/v2\/posts\/4009","targetHints":{"allow":["GET"]}}],"collection":[{"href":"https:\/\/larucheindustrielle.fr\/fr\/wp-json\/wp\/v2\/posts"}],"about":[{"href":"https:\/\/larucheindustrielle.fr\/fr\/wp-json\/wp\/v2\/types\/post"}],"author":[{"embeddable":true,"href":"https:\/\/larucheindustrielle.fr\/fr\/wp-json\/wp\/v2\/users\/3"}],"replies":[{"embeddable":true,"href":"https:\/\/larucheindustrielle.fr\/fr\/wp-json\/wp\/v2\/comments?post=4009"}],"version-history":[{"count":0,"href":"https:\/\/larucheindustrielle.fr\/fr\/wp-json\/wp\/v2\/posts\/4009\/revisions"}],"wp:featuredmedia":[{"embeddable":true,"href":"https:\/\/larucheindustrielle.fr\/fr\/wp-json\/wp\/v2\/media\/4024"}],"wp:attachment":[{"href":"https:\/\/larucheindustrielle.fr\/fr\/wp-json\/wp\/v2\/media?parent=4009"}],"wp:term":[{"taxonomy":"category","embeddable":true,"href":"https:\/\/larucheindustrielle.fr\/fr\/wp-json\/wp\/v2\/categories?post=4009"},{"taxonomy":"post_tag","embeddable":true,"href":"https:\/\/larucheindustrielle.fr\/fr\/wp-json\/wp\/v2\/tags?post=4009"}],"curies":[{"name":"wp","href":"https:\/\/api.w.org\/{rel}","templated":true}]}}