{"id":4420,"date":"2023-11-23T17:01:40","date_gmt":"2023-11-23T16:01:40","guid":{"rendered":"https:\/\/larucheindustrielle.fr\/?p=4420"},"modified":"2024-12-16T10:13:03","modified_gmt":"2024-12-16T09:13:03","slug":"xr-days-2023","status":"publish","type":"post","link":"https:\/\/larucheindustrielle.fr\/fr\/xr-days-2023\/","title":{"rendered":"XR DAYS 2023 : une seconde \u00e9dition qui assoit la notori\u00e9t\u00e9 du salon"},"content":{"rendered":"<p>[et_pb_section fb_built=\u00a0\u00bb1&Prime; fullwidth=\u00a0\u00bbon\u00a0\u00bb _builder_version=\u00a0\u00bb4.23.1&Prime; _module_preset=\u00a0\u00bbdefault\u00a0\u00bb da_disable_devices=\u00a0\u00bboff|off|off\u00a0\u00bb global_colors_info=\u00a0\u00bb{}\u00a0\u00bb da_is_popup=\u00a0\u00bboff\u00a0\u00bb da_exit_intent=\u00a0\u00bboff\u00a0\u00bb da_has_close=\u00a0\u00bbon\u00a0\u00bb da_alt_close=\u00a0\u00bboff\u00a0\u00bb da_dark_close=\u00a0\u00bboff\u00a0\u00bb da_not_modal=\u00a0\u00bbon\u00a0\u00bb da_is_singular=\u00a0\u00bboff\u00a0\u00bb da_with_loader=\u00a0\u00bboff\u00a0\u00bb da_has_shadow=\u00a0\u00bbon\u00a0\u00bb][et_pb_fullwidth_post_title author=\u00a0\u00bboff\u00a0\u00bb date_format=\u00a0\u00bbj M Y\u00a0\u00bb comments=\u00a0\u00bboff\u00a0\u00bb _builder_version=\u00a0\u00bb4.23.1&Prime; _module_preset=\u00a0\u00bbdefault\u00a0\u00bb global_colors_info=\u00a0\u00bb{}\u00a0\u00bb][\/et_pb_fullwidth_post_title][\/et_pb_section][et_pb_section fb_built=\u00a0\u00bb1&Prime; _builder_version=\u00a0\u00bb4.22.2&Prime; da_disable_devices=\u00a0\u00bboff|off|off\u00a0\u00bb global_colors_info=\u00a0\u00bb{}\u00a0\u00bb da_is_popup=\u00a0\u00bboff\u00a0\u00bb da_exit_intent=\u00a0\u00bboff\u00a0\u00bb da_has_close=\u00a0\u00bbon\u00a0\u00bb da_alt_close=\u00a0\u00bboff\u00a0\u00bb da_dark_close=\u00a0\u00bboff\u00a0\u00bb da_not_modal=\u00a0\u00bbon\u00a0\u00bb da_is_singular=\u00a0\u00bboff\u00a0\u00bb da_with_loader=\u00a0\u00bboff\u00a0\u00bb da_has_shadow=\u00a0\u00bbon\u00a0\u00bb][et_pb_row use_custom_gutter=\u00a0\u00bbon\u00a0\u00bb gutter_width=\u00a0\u00bb1&Prime; _builder_version=\u00a0\u00bb4.23.1&Prime; background_size=\u00a0\u00bbinitial\u00a0\u00bb background_position=\u00a0\u00bbtop_left\u00a0\u00bb background_repeat=\u00a0\u00bbrepeat\u00a0\u00bb global_colors_info=\u00a0\u00bb{}\u00a0\u00bb][et_pb_column type=\u00a0\u00bb4_4&Prime; _builder_version=\u00a0\u00bb4.16&Prime; custom_padding=\u00a0\u00bb|||\u00a0\u00bb global_colors_info=\u00a0\u00bb{}\u00a0\u00bb custom_padding__hover=\u00a0\u00bb|||\u00a0\u00bb][et_pb_text _builder_version=\u00a0\u00bb4.24.3&Prime; background_size=\u00a0\u00bbinitial\u00a0\u00bb background_position=\u00a0\u00bbtop_left\u00a0\u00bb background_repeat=\u00a0\u00bbrepeat\u00a0\u00bb hover_enabled=\u00a0\u00bb0&Prime; global_colors_info=\u00a0\u00bb{}\u00a0\u00bb sticky_enabled=\u00a0\u00bb0&Prime;]<\/p>\n<p><strong><span class=\"break-words \"><span dir=\"ltr\">\ud83e\udd7d Comment industrialiser r\u00e9alit\u00e9 augment\u00e9e, r\u00e9alit\u00e9 virtuelle et r\u00e9alit\u00e9 mixte ? Tel \u00e9tait le th\u00e8me des <a href=\"https:\/\/www.linkedin.com\/feed\/hashtag\/?keywords=xrdays2023&amp;highlightedUpdateUrns=urn%3Ali%3Aactivity%3A7112802164070096897\" data-attribute-index=\"0\">#XRDAYS2023<\/a>.<br \/><\/span><\/span><\/strong><\/p>\n<p>&nbsp;<\/p>\n<p><strong>Les XR DAYS se sont d\u00e9roul\u00e9s les 17 et 18 octobre 2023 avec l\u2019objectif de permettre de d\u00e9couvrir, approfondir ou tester de nouveaux mat\u00e9riels.<\/strong><\/p>\n<p><strong><span class=\"break-words \"><span dir=\"ltr\">Au programme :<br \/>\u2705 1 keynote sur les derni\u00e8res tendances techno<br \/>\u2705 17 d\u00e9monstrations par les industriels et leurs fournisseurs technologiques\u00a0pour voir des r\u00e9sultats concrets<br \/>\u2705 16 d\u00e9monstrations de solutions technologiques (tech corner) pour d\u00e9couvrir et tester les derni\u00e8res innovations<br \/>\u2705 6 conf\u00e9rences &#8211; retours d\u2019exp\u00e9riences pour s&rsquo;inspirer<br \/>\u27051 table-ronde scientifique sur la place de l&rsquo;humain et des usages<br \/>\u27051 hackathon avec des \u00e9tudiants ECAM LaSalle<\/span><\/span><\/strong><\/p>\n<p><a href=\"https:\/\/larucheindustrielle.fr\/wp-content\/uploads\/2023\/10\/programme-XRDAYS2023.pdf\" target=\"_blank\" rel=\"noopener\">&gt;&gt; Consulter le programme d\u00e9taill\u00e9 2023<\/a><\/p>\n<p><strong>Une occasion unique pour conna\u00eetre l\u2019\u00e9tat de l\u2019art de ces technologies et \u00e9changer\u00a0avec des experts, pour voir, toucher et comprendre&#8230;<\/strong><strong>\u00a0<\/strong><\/p>\n<p>&nbsp;<\/p>\n<h3><strong>Le film de l&rsquo;\u00e9v\u00e8nement :<\/strong><\/h3>\n<p>[\/et_pb_text][et_pb_video src=\u00a0\u00bbhttps:\/\/youtu.be\/J2CgKMzfkBM\u00a0\u00bb _builder_version=\u00a0\u00bb4.23.1&Prime; _module_preset=\u00a0\u00bbdefault\u00a0\u00bb global_colors_info=\u00a0\u00bb{}\u00a0\u00bb][\/et_pb_video][et_pb_text _builder_version=\u00a0\u00bb4.23.1&Prime; background_size=\u00a0\u00bbinitial\u00a0\u00bb background_position=\u00a0\u00bbtop_left\u00a0\u00bb background_repeat=\u00a0\u00bbrepeat\u00a0\u00bb custom_margin=\u00a0\u00bb20px||20px||false|false\u00a0\u00bb global_colors_info=\u00a0\u00bb{}\u00a0\u00bb]<\/p>\n<h3>\u00a0<\/h3>\n<h3><strong>Merci<\/strong><\/h3>\n<p><span class=\"break-words       \"><span dir=\"ltr\">\ud83d\ude4fUn grand merci aux membres du <strong>Comit\u00e9 de Pilotag<\/strong>e pour la co-organisation de cet \u00e9v\u00e8nement qui ancre l\u2019industrie dans le paysage \u00e9conomique du territoire !<\/span><\/span><\/p>\n<p><span class=\"break-words       \"><span dir=\"ltr\">\ud83d\ude4f Merci aussi \u00e0 tous les<strong> visiteurs, partenaires industriels, technologiques, scientifiques et territoriaux, au cercle XR, \u00e0 nos prestataires<\/strong>&#8230; qui ont contribu\u00e9 \u00e0 cette r\u00e9ussite collective en \u00a0\u00bb mode Ruche\u00a0\u00bb !<\/span><\/span><\/p>\n<p>Et merci pour les messages LinkedIn aussi, qui nous confortent dans notre action ! Extrait :<\/p>\n<p><img loading=\"lazy\" decoding=\"async\" class=\"aligncenter wp-image-4422 size-large\" src=\"https:\/\/larucheindustrielle.fr\/wp-content\/uploads\/2024\/01\/retours-linkedin-xrdays-1024x573.png\" alt=\"\" width=\"1024\" height=\"573\" \/><\/p>\n<p>&nbsp;<\/p>\n<h3>RDV EN 2024 !<\/h3>\n<p>&nbsp;<\/p>\n<p>Pour tout renseignement sur les XR DAYS, <a href=\"mailto:bertrand.felix.ext@larucheindustrielle.fr\" target=\"_blank\" rel=\"noopener\">contactez Bertrand Felix<\/a><\/p>\n<p>&nbsp;<\/p>\n<p>&nbsp;<\/p>\n<p>[\/et_pb_text][\/et_pb_column][\/et_pb_row][\/et_pb_section]<\/p>\n","protected":false},"excerpt":{"rendered":"<p>Dans le cadre de la Semaine de l\u2019industrie, La Ruche Industrielle, la M\u00e9tropole de Lyon et l\u2019UIMM Lyon Rh\u00f4ne et la MMIE ont organis\u00e9 une matin\u00e9e d\u2019\u00e9changes et networking sp\u00e9cifiquement d\u00e9di\u00e9e aux PME et TPE industrielles. R\u00e9unissant une cinquantaine de personnes, cette matin\u00e9e a \u00e9t\u00e9 l\u2019occasion\u00a0de s\u2019inspirer de pr\u00e9cieux t\u00e9moignages de dirigeantes et dirigeants du territoire.<\/p>\n","protected":false},"author":3,"featured_media":3845,"comment_status":"closed","ping_status":"closed","sticky":false,"template":"","format":"standard","meta":{"_acf_changed":false,"_et_pb_use_builder":"on","_et_pb_old_content":"","_et_gb_content_width":"","footnotes":""},"categories":[17,18],"tags":[],"class_list":["post-4420","post","type-post","status-publish","format-standard","has-post-thumbnail","hentry","category-evenements","category-industrie-performante"],"acf":[],"yoast_head":"<!-- This site is optimized with the Yoast SEO plugin v27.4 - https:\/\/yoast.com\/product\/yoast-seo-wordpress\/ -->\n<title>XR DAYS 2023 : une seconde \u00e9dition qui assoit la notori\u00e9t\u00e9 du salon<\/title>\n<meta name=\"description\" content=\"Retour sur la table ronde PME industrielles le 28\/11\/2023 \u00e0 La Ruche Industrielle\" \/>\n<meta name=\"robots\" content=\"index, follow, max-snippet:-1, max-image-preview:large, max-video-preview:-1\" \/>\n<link rel=\"canonical\" href=\"https:\/\/larucheindustrielle.fr\/fr\/xr-days-2023\/\" \/>\n<meta property=\"og:locale\" content=\"fr_FR\" \/>\n<meta property=\"og:type\" content=\"article\" \/>\n<meta property=\"og:title\" content=\"XR DAYS 2023 : une seconde \u00e9dition qui assoit la notori\u00e9t\u00e9 du salon\" \/>\n<meta property=\"og:description\" content=\"Retour sur la table ronde PME industrielles le 28\/11\/2023 \u00e0 La Ruche Industrielle\" \/>\n<meta property=\"og:url\" content=\"https:\/\/larucheindustrielle.fr\/fr\/xr-days-2023\/\" \/>\n<meta property=\"og:site_name\" content=\"La Ruche industrielle\" \/>\n<meta property=\"article:published_time\" content=\"2023-11-23T16:01:40+00:00\" \/>\n<meta property=\"article:modified_time\" content=\"2024-12-16T09:13:03+00:00\" \/>\n<meta property=\"og:image\" content=\"https:\/\/larucheindustrielle.fr\/wp-content\/uploads\/2023\/06\/Capture-decran-2023-09-12-113702.jpg\" \/>\n\t<meta property=\"og:image:width\" content=\"1382\" \/>\n\t<meta property=\"og:image:height\" content=\"918\" \/>\n\t<meta property=\"og:image:type\" content=\"image\/jpeg\" \/>\n<meta name=\"author\" content=\"C\u00e9line Brossard\" \/>\n<meta name=\"twitter:card\" content=\"summary_large_image\" \/>\n<meta name=\"twitter:creator\" content=\"@LaRucheIndus\" \/>\n<meta name=\"twitter:site\" content=\"@LaRucheIndus\" \/>\n<meta name=\"twitter:label1\" content=\"\u00c9crit par\" \/>\n\t<meta name=\"twitter:data1\" content=\"C\u00e9line Brossard\" \/>\n\t<meta name=\"twitter:label2\" content=\"Dur\u00e9e de lecture estim\u00e9e\" \/>\n\t<meta name=\"twitter:data2\" content=\"2 minutes\" \/>\n<script type=\"application\/ld+json\" class=\"yoast-schema-graph\">{\"@context\":\"https:\\\/\\\/schema.org\",\"@graph\":[{\"@type\":\"Article\",\"@id\":\"https:\\\/\\\/larucheindustrielle.fr\\\/fr\\\/xr-days-2023\\\/#article\",\"isPartOf\":{\"@id\":\"https:\\\/\\\/larucheindustrielle.fr\\\/fr\\\/xr-days-2023\\\/\"},\"author\":{\"name\":\"C\u00e9line Brossard\",\"@id\":\"https:\\\/\\\/larucheindustrielle.fr\\\/fr\\\/#\\\/schema\\\/person\\\/25c0164b97fd16b58602fd12915400bf\"},\"headline\":\"XR DAYS 2023 : une seconde \u00e9dition qui assoit la notori\u00e9t\u00e9 du salon\",\"datePublished\":\"2023-11-23T16:01:40+00:00\",\"dateModified\":\"2024-12-16T09:13:03+00:00\",\"mainEntityOfPage\":{\"@id\":\"https:\\\/\\\/larucheindustrielle.fr\\\/fr\\\/xr-days-2023\\\/\"},\"wordCount\":505,\"publisher\":{\"@id\":\"https:\\\/\\\/larucheindustrielle.fr\\\/fr\\\/#organization\"},\"image\":{\"@id\":\"https:\\\/\\\/larucheindustrielle.fr\\\/fr\\\/xr-days-2023\\\/#primaryimage\"},\"thumbnailUrl\":\"https:\\\/\\\/larucheindustrielle.fr\\\/wp-content\\\/uploads\\\/2023\\\/06\\\/Capture-decran-2023-09-12-113702.jpg\",\"articleSection\":[\"\u00c9v\u00e8nements\",\"Industrie performante\"],\"inLanguage\":\"fr-FR\"},{\"@type\":\"WebPage\",\"@id\":\"https:\\\/\\\/larucheindustrielle.fr\\\/fr\\\/xr-days-2023\\\/\",\"url\":\"https:\\\/\\\/larucheindustrielle.fr\\\/fr\\\/xr-days-2023\\\/\",\"name\":\"XR DAYS 2023 : une seconde \u00e9dition qui assoit la notori\u00e9t\u00e9 du salon\",\"isPartOf\":{\"@id\":\"https:\\\/\\\/larucheindustrielle.fr\\\/fr\\\/#website\"},\"primaryImageOfPage\":{\"@id\":\"https:\\\/\\\/larucheindustrielle.fr\\\/fr\\\/xr-days-2023\\\/#primaryimage\"},\"image\":{\"@id\":\"https:\\\/\\\/larucheindustrielle.fr\\\/fr\\\/xr-days-2023\\\/#primaryimage\"},\"thumbnailUrl\":\"https:\\\/\\\/larucheindustrielle.fr\\\/wp-content\\\/uploads\\\/2023\\\/06\\\/Capture-decran-2023-09-12-113702.jpg\",\"datePublished\":\"2023-11-23T16:01:40+00:00\",\"dateModified\":\"2024-12-16T09:13:03+00:00\",\"description\":\"Retour sur la table ronde PME industrielles le 28\\\/11\\\/2023 \u00e0 La Ruche Industrielle\",\"inLanguage\":\"fr-FR\",\"potentialAction\":[{\"@type\":\"ReadAction\",\"target\":[\"https:\\\/\\\/larucheindustrielle.fr\\\/fr\\\/xr-days-2023\\\/\"]}]},{\"@type\":\"ImageObject\",\"inLanguage\":\"fr-FR\",\"@id\":\"https:\\\/\\\/larucheindustrielle.fr\\\/fr\\\/xr-days-2023\\\/#primaryimage\",\"url\":\"https:\\\/\\\/larucheindustrielle.fr\\\/wp-content\\\/uploads\\\/2023\\\/06\\\/Capture-decran-2023-09-12-113702.jpg\",\"contentUrl\":\"https:\\\/\\\/larucheindustrielle.fr\\\/wp-content\\\/uploads\\\/2023\\\/06\\\/Capture-decran-2023-09-12-113702.jpg\",\"width\":1382,\"height\":918},{\"@type\":\"WebSite\",\"@id\":\"https:\\\/\\\/larucheindustrielle.fr\\\/fr\\\/#website\",\"url\":\"https:\\\/\\\/larucheindustrielle.fr\\\/fr\\\/\",\"name\":\"La Ruche industrielle\",\"description\":\"Ici, on construit ensemble l&#039;industrie du futur !\",\"publisher\":{\"@id\":\"https:\\\/\\\/larucheindustrielle.fr\\\/fr\\\/#organization\"},\"potentialAction\":[{\"@type\":\"SearchAction\",\"target\":{\"@type\":\"EntryPoint\",\"urlTemplate\":\"https:\\\/\\\/larucheindustrielle.fr\\\/fr\\\/?s={search_term_string}\"},\"query-input\":{\"@type\":\"PropertyValueSpecification\",\"valueRequired\":true,\"valueName\":\"search_term_string\"}}],\"inLanguage\":\"fr-FR\"},{\"@type\":\"Organization\",\"@id\":\"https:\\\/\\\/larucheindustrielle.fr\\\/fr\\\/#organization\",\"name\":\"La Ruche industrielle\",\"url\":\"https:\\\/\\\/larucheindustrielle.fr\\\/fr\\\/\",\"logo\":{\"@type\":\"ImageObject\",\"inLanguage\":\"fr-FR\",\"@id\":\"https:\\\/\\\/larucheindustrielle.fr\\\/fr\\\/#\\\/schema\\\/logo\\\/image\\\/\",\"url\":\"https:\\\/\\\/larucheindustrielle.fr\\\/wp-content\\\/uploads\\\/2023\\\/06\\\/Home-page-Logo-la-ruche-en-bois.jpg\",\"contentUrl\":\"https:\\\/\\\/larucheindustrielle.fr\\\/wp-content\\\/uploads\\\/2023\\\/06\\\/Home-page-Logo-la-ruche-en-bois.jpg\",\"width\":1280,\"height\":853,\"caption\":\"La Ruche industrielle\"},\"image\":{\"@id\":\"https:\\\/\\\/larucheindustrielle.fr\\\/fr\\\/#\\\/schema\\\/logo\\\/image\\\/\"},\"sameAs\":[\"https:\\\/\\\/x.com\\\/LaRucheIndus\",\"https:\\\/\\\/fr.linkedin.com\\\/company\\\/la-ruche-industrielle\",\"https:\\\/\\\/www.youtube.com\\\/@larucheindustrielle932\",\"https:\\\/\\\/www.instagram.com\\\/larucheindustrielle\\\/\"]},{\"@type\":\"Person\",\"@id\":\"https:\\\/\\\/larucheindustrielle.fr\\\/fr\\\/#\\\/schema\\\/person\\\/25c0164b97fd16b58602fd12915400bf\",\"name\":\"C\u00e9line Brossard\",\"image\":{\"@type\":\"ImageObject\",\"inLanguage\":\"fr-FR\",\"@id\":\"https:\\\/\\\/secure.gravatar.com\\\/avatar\\\/5bb3e14e1572789c87c5cffb4ed8e9fd127915b203bdaea5d253ce8137bde5ec?s=96&d=mm&r=g\",\"url\":\"https:\\\/\\\/secure.gravatar.com\\\/avatar\\\/5bb3e14e1572789c87c5cffb4ed8e9fd127915b203bdaea5d253ce8137bde5ec?s=96&d=mm&r=g\",\"contentUrl\":\"https:\\\/\\\/secure.gravatar.com\\\/avatar\\\/5bb3e14e1572789c87c5cffb4ed8e9fd127915b203bdaea5d253ce8137bde5ec?s=96&d=mm&r=g\",\"caption\":\"C\u00e9line Brossard\"},\"url\":\"https:\\\/\\\/larucheindustrielle.fr\\\/fr\\\/author\\\/adminlaruche\\\/\"}]}<\/script>\n<!-- \/ Yoast SEO plugin. -->","yoast_head_json":{"title":"XR DAYS 2023 : une seconde \u00e9dition qui assoit la notori\u00e9t\u00e9 du salon","description":"Retour sur la table ronde PME industrielles le 28\/11\/2023 \u00e0 La Ruche Industrielle","robots":{"index":"index","follow":"follow","max-snippet":"max-snippet:-1","max-image-preview":"max-image-preview:large","max-video-preview":"max-video-preview:-1"},"canonical":"https:\/\/larucheindustrielle.fr\/fr\/xr-days-2023\/","og_locale":"fr_FR","og_type":"article","og_title":"XR DAYS 2023 : une seconde \u00e9dition qui assoit la notori\u00e9t\u00e9 du salon","og_description":"Retour sur la table ronde PME industrielles le 28\/11\/2023 \u00e0 La Ruche Industrielle","og_url":"https:\/\/larucheindustrielle.fr\/fr\/xr-days-2023\/","og_site_name":"La Ruche industrielle","article_published_time":"2023-11-23T16:01:40+00:00","article_modified_time":"2024-12-16T09:13:03+00:00","og_image":[{"width":1382,"height":918,"url":"https:\/\/larucheindustrielle.fr\/wp-content\/uploads\/2023\/06\/Capture-decran-2023-09-12-113702.jpg","type":"image\/jpeg"}],"author":"C\u00e9line Brossard","twitter_card":"summary_large_image","twitter_creator":"@LaRucheIndus","twitter_site":"@LaRucheIndus","twitter_misc":{"\u00c9crit par":"C\u00e9line Brossard","Dur\u00e9e de lecture estim\u00e9e":"2 minutes"},"schema":{"@context":"https:\/\/schema.org","@graph":[{"@type":"Article","@id":"https:\/\/larucheindustrielle.fr\/fr\/xr-days-2023\/#article","isPartOf":{"@id":"https:\/\/larucheindustrielle.fr\/fr\/xr-days-2023\/"},"author":{"name":"C\u00e9line Brossard","@id":"https:\/\/larucheindustrielle.fr\/fr\/#\/schema\/person\/25c0164b97fd16b58602fd12915400bf"},"headline":"XR DAYS 2023 : une seconde \u00e9dition qui assoit la notori\u00e9t\u00e9 du salon","datePublished":"2023-11-23T16:01:40+00:00","dateModified":"2024-12-16T09:13:03+00:00","mainEntityOfPage":{"@id":"https:\/\/larucheindustrielle.fr\/fr\/xr-days-2023\/"},"wordCount":505,"publisher":{"@id":"https:\/\/larucheindustrielle.fr\/fr\/#organization"},"image":{"@id":"https:\/\/larucheindustrielle.fr\/fr\/xr-days-2023\/#primaryimage"},"thumbnailUrl":"https:\/\/larucheindustrielle.fr\/wp-content\/uploads\/2023\/06\/Capture-decran-2023-09-12-113702.jpg","articleSection":["\u00c9v\u00e8nements","Industrie performante"],"inLanguage":"fr-FR"},{"@type":"WebPage","@id":"https:\/\/larucheindustrielle.fr\/fr\/xr-days-2023\/","url":"https:\/\/larucheindustrielle.fr\/fr\/xr-days-2023\/","name":"XR DAYS 2023 : une seconde \u00e9dition qui assoit la notori\u00e9t\u00e9 du salon","isPartOf":{"@id":"https:\/\/larucheindustrielle.fr\/fr\/#website"},"primaryImageOfPage":{"@id":"https:\/\/larucheindustrielle.fr\/fr\/xr-days-2023\/#primaryimage"},"image":{"@id":"https:\/\/larucheindustrielle.fr\/fr\/xr-days-2023\/#primaryimage"},"thumbnailUrl":"https:\/\/larucheindustrielle.fr\/wp-content\/uploads\/2023\/06\/Capture-decran-2023-09-12-113702.jpg","datePublished":"2023-11-23T16:01:40+00:00","dateModified":"2024-12-16T09:13:03+00:00","description":"Retour sur la table ronde PME industrielles le 28\/11\/2023 \u00e0 La Ruche Industrielle","inLanguage":"fr-FR","potentialAction":[{"@type":"ReadAction","target":["https:\/\/larucheindustrielle.fr\/fr\/xr-days-2023\/"]}]},{"@type":"ImageObject","inLanguage":"fr-FR","@id":"https:\/\/larucheindustrielle.fr\/fr\/xr-days-2023\/#primaryimage","url":"https:\/\/larucheindustrielle.fr\/wp-content\/uploads\/2023\/06\/Capture-decran-2023-09-12-113702.jpg","contentUrl":"https:\/\/larucheindustrielle.fr\/wp-content\/uploads\/2023\/06\/Capture-decran-2023-09-12-113702.jpg","width":1382,"height":918},{"@type":"WebSite","@id":"https:\/\/larucheindustrielle.fr\/fr\/#website","url":"https:\/\/larucheindustrielle.fr\/fr\/","name":"La Ruche industrielle","description":"Ici, on construit ensemble l&#039;industrie du futur !","publisher":{"@id":"https:\/\/larucheindustrielle.fr\/fr\/#organization"},"potentialAction":[{"@type":"SearchAction","target":{"@type":"EntryPoint","urlTemplate":"https:\/\/larucheindustrielle.fr\/fr\/?s={search_term_string}"},"query-input":{"@type":"PropertyValueSpecification","valueRequired":true,"valueName":"search_term_string"}}],"inLanguage":"fr-FR"},{"@type":"Organization","@id":"https:\/\/larucheindustrielle.fr\/fr\/#organization","name":"La Ruche industrielle","url":"https:\/\/larucheindustrielle.fr\/fr\/","logo":{"@type":"ImageObject","inLanguage":"fr-FR","@id":"https:\/\/larucheindustrielle.fr\/fr\/#\/schema\/logo\/image\/","url":"https:\/\/larucheindustrielle.fr\/wp-content\/uploads\/2023\/06\/Home-page-Logo-la-ruche-en-bois.jpg","contentUrl":"https:\/\/larucheindustrielle.fr\/wp-content\/uploads\/2023\/06\/Home-page-Logo-la-ruche-en-bois.jpg","width":1280,"height":853,"caption":"La Ruche industrielle"},"image":{"@id":"https:\/\/larucheindustrielle.fr\/fr\/#\/schema\/logo\/image\/"},"sameAs":["https:\/\/x.com\/LaRucheIndus","https:\/\/fr.linkedin.com\/company\/la-ruche-industrielle","https:\/\/www.youtube.com\/@larucheindustrielle932","https:\/\/www.instagram.com\/larucheindustrielle\/"]},{"@type":"Person","@id":"https:\/\/larucheindustrielle.fr\/fr\/#\/schema\/person\/25c0164b97fd16b58602fd12915400bf","name":"C\u00e9line Brossard","image":{"@type":"ImageObject","inLanguage":"fr-FR","@id":"https:\/\/secure.gravatar.com\/avatar\/5bb3e14e1572789c87c5cffb4ed8e9fd127915b203bdaea5d253ce8137bde5ec?s=96&d=mm&r=g","url":"https:\/\/secure.gravatar.com\/avatar\/5bb3e14e1572789c87c5cffb4ed8e9fd127915b203bdaea5d253ce8137bde5ec?s=96&d=mm&r=g","contentUrl":"https:\/\/secure.gravatar.com\/avatar\/5bb3e14e1572789c87c5cffb4ed8e9fd127915b203bdaea5d253ce8137bde5ec?s=96&d=mm&r=g","caption":"C\u00e9line Brossard"},"url":"https:\/\/larucheindustrielle.fr\/fr\/author\/adminlaruche\/"}]}},"publishpress_future_workflow_manual_trigger":{"enabledWorkflows":[]},"_links":{"self":[{"href":"https:\/\/larucheindustrielle.fr\/fr\/wp-json\/wp\/v2\/posts\/4420","targetHints":{"allow":["GET"]}}],"collection":[{"href":"https:\/\/larucheindustrielle.fr\/fr\/wp-json\/wp\/v2\/posts"}],"about":[{"href":"https:\/\/larucheindustrielle.fr\/fr\/wp-json\/wp\/v2\/types\/post"}],"author":[{"embeddable":true,"href":"https:\/\/larucheindustrielle.fr\/fr\/wp-json\/wp\/v2\/users\/3"}],"replies":[{"embeddable":true,"href":"https:\/\/larucheindustrielle.fr\/fr\/wp-json\/wp\/v2\/comments?post=4420"}],"version-history":[{"count":0,"href":"https:\/\/larucheindustrielle.fr\/fr\/wp-json\/wp\/v2\/posts\/4420\/revisions"}],"wp:featuredmedia":[{"embeddable":true,"href":"https:\/\/larucheindustrielle.fr\/fr\/wp-json\/wp\/v2\/media\/3845"}],"wp:attachment":[{"href":"https:\/\/larucheindustrielle.fr\/fr\/wp-json\/wp\/v2\/media?parent=4420"}],"wp:term":[{"taxonomy":"category","embeddable":true,"href":"https:\/\/larucheindustrielle.fr\/fr\/wp-json\/wp\/v2\/categories?post=4420"},{"taxonomy":"post_tag","embeddable":true,"href":"https:\/\/larucheindustrielle.fr\/fr\/wp-json\/wp\/v2\/tags?post=4420"}],"curies":[{"name":"wp","href":"https:\/\/api.w.org\/{rel}","templated":true}]}}