{"id":6692,"date":"2024-11-20T14:20:41","date_gmt":"2024-11-20T13:20:41","guid":{"rendered":"https:\/\/larucheindustrielle.fr\/?p=6692"},"modified":"2024-12-12T10:16:11","modified_gmt":"2024-12-12T09:16:11","slug":"forum-des-metiers-industrie-2024","status":"publish","type":"post","link":"https:\/\/larucheindustrielle.fr\/fr\/forum-des-metiers-industrie-2024\/","title":{"rendered":"Un Forum des m\u00e9tiers pour mettre des ponts entre le grand public et l\u2019industrie"},"content":{"rendered":"<p>[et_pb_section fb_built=\u00a0\u00bb1&Prime; fullwidth=\u00a0\u00bbon\u00a0\u00bb _builder_version=\u00a0\u00bb4.21.0&Prime; _module_preset=\u00a0\u00bbdefault\u00a0\u00bb da_disable_devices=\u00a0\u00bboff|off|off\u00a0\u00bb global_colors_info=\u00a0\u00bb{}\u00a0\u00bb da_is_popup=\u00a0\u00bboff\u00a0\u00bb da_exit_intent=\u00a0\u00bboff\u00a0\u00bb da_has_close=\u00a0\u00bbon\u00a0\u00bb da_alt_close=\u00a0\u00bboff\u00a0\u00bb da_dark_close=\u00a0\u00bboff\u00a0\u00bb da_not_modal=\u00a0\u00bbon\u00a0\u00bb da_is_singular=\u00a0\u00bboff\u00a0\u00bb da_with_loader=\u00a0\u00bboff\u00a0\u00bb da_has_shadow=\u00a0\u00bbon\u00a0\u00bb][et_pb_fullwidth_post_title author=\u00a0\u00bboff\u00a0\u00bb date_format=\u00a0\u00bbj M Y\u00a0\u00bb comments=\u00a0\u00bboff\u00a0\u00bb _builder_version=\u00a0\u00bb4.23.1&Prime; _module_preset=\u00a0\u00bbdefault\u00a0\u00bb global_colors_info=\u00a0\u00bb{}\u00a0\u00bb][\/et_pb_fullwidth_post_title][\/et_pb_section][et_pb_section fb_built=\u00a0\u00bb1&Prime; _builder_version=\u00a0\u00bb4.22.2&Prime; da_disable_devices=\u00a0\u00bboff|off|off\u00a0\u00bb global_colors_info=\u00a0\u00bb{}\u00a0\u00bb da_is_popup=\u00a0\u00bboff\u00a0\u00bb da_exit_intent=\u00a0\u00bboff\u00a0\u00bb da_has_close=\u00a0\u00bbon\u00a0\u00bb da_alt_close=\u00a0\u00bboff\u00a0\u00bb da_dark_close=\u00a0\u00bboff\u00a0\u00bb da_not_modal=\u00a0\u00bbon\u00a0\u00bb da_is_singular=\u00a0\u00bboff\u00a0\u00bb da_with_loader=\u00a0\u00bboff\u00a0\u00bb da_has_shadow=\u00a0\u00bbon\u00a0\u00bb][et_pb_row use_custom_gutter=\u00a0\u00bbon\u00a0\u00bb gutter_width=\u00a0\u00bb1&Prime; _builder_version=\u00a0\u00bb4.21.0&Prime; background_size=\u00a0\u00bbinitial\u00a0\u00bb background_position=\u00a0\u00bbtop_left\u00a0\u00bb background_repeat=\u00a0\u00bbrepeat\u00a0\u00bb global_colors_info=\u00a0\u00bb{}\u00a0\u00bb][et_pb_column type=\u00a0\u00bb4_4&Prime; _builder_version=\u00a0\u00bb4.16&Prime; custom_padding=\u00a0\u00bb|||\u00a0\u00bb global_colors_info=\u00a0\u00bb{}\u00a0\u00bb custom_padding__hover=\u00a0\u00bb|||\u00a0\u00bb][et_pb_text _builder_version=\u00a0\u00bb4.27.0&Prime; background_size=\u00a0\u00bbinitial\u00a0\u00bb background_position=\u00a0\u00bbtop_left\u00a0\u00bb background_repeat=\u00a0\u00bbrepeat\u00a0\u00bb hover_enabled=\u00a0\u00bb0&Prime; global_colors_info=\u00a0\u00bb{}\u00a0\u00bb sticky_enabled=\u00a0\u00bb0&Prime;]<\/p>\n<p><strong>Plus de 260 000 postes sont \u00e0 pourvoir dans le secteur de l\u2019industrie en 2024. Un secteur qui se r\u00e9invente chaque jour pour s\u2019adapter \u00e0 la fois aux besoins des clients et aux attentes de ses collaborateurs. <\/strong><\/p>\n<p><strong>C&rsquo;est dans ce contexte que s\u2019est tenu le 19 novembre 2024, la 3e \u00e9dition du Forum des m\u00e9tiers de l\u2019industrie \u00e0 La Ruche Industrielle \u00e0 V\u00e9nissieux qui a attir\u00e9 500 participants. Un \u00e9v\u00e9nement organis\u00e9 de mani\u00e8re collaborative qui a une nouvelle fois su d\u00e9montrer le dynamisme de son \u00e9cosyst\u00e8me. Pour r\u00e9pondre aux questions concr\u00e8tes que le grand public se pose, quels sont les m\u00e9tiers de l\u2019industrie ? comment puis-je me former ? \u00e0 quels emplois puis-je postuler ?&#8230;\u00a0<\/strong><\/p>\n<p><strong> 40 exposants : associations, organismes de formation, industriels, agences d&rsquo;int\u00e9rim&#8230; avaient r\u00e9pondu \u00e0 l\u2019invitation.<\/strong><\/p>\n<p><strong> <img loading=\"lazy\" decoding=\"async\" class=\"aligncenter wp-image-6706 size-large\" src=\"https:\/\/larucheindustrielle.fr\/wp-content\/uploads\/2024\/11\/PXL_20241119_100344803-1024x771.jpg\" alt=\"\" width=\"1024\" height=\"771\" srcset=\"https:\/\/larucheindustrielle.fr\/wp-content\/uploads\/2024\/11\/PXL_20241119_100344803-980x738.jpg 980w, https:\/\/larucheindustrielle.fr\/wp-content\/uploads\/2024\/11\/PXL_20241119_100344803-480x362.jpg 480w\" sizes=\"(min-width: 0px) and (max-width: 480px) 480px, (min-width: 481px) and (max-width: 980px) 980px, (min-width: 981px) 1024px, 100vw\" \/><\/strong><\/p>\n<h3>\u00a0<\/h3>\n<h3><strong>Des espaces compl\u00e9mentaires du m\u00e9tier en devenir \u00e0 un emploi r\u00e9el <\/strong><\/h3>\n<p>Con\u00e7u comme un espace de rencontre et de d\u00e9couverte, le Forum a permis d\u2019\u00e9tablir un lien fort \u00e0 destination de <strong>diff\u00e9rents publics<\/strong> :<\/p>\n<ul>\n<li>Personnes en recherche d\u2019emploi ou en reconversion,<\/li>\n<li>Coll\u00e9giens, lyc\u00e9ens,<\/li>\n<li>Enseignants et prescripteurs.<\/li>\n<\/ul>\n<p>&nbsp;<\/p>\n<p>Les \u00e9changes se sont structur\u00e9s autour de trois espaces th\u00e9matiques clairement d\u00e9finis :<\/p>\n<ul>\n<li><strong>Je d\u00e9couvre les m\u00e9tiers<\/strong> : 12 exposants ont partag\u00e9 les savoir-faire et les comp\u00e9tences recherch\u00e9es dans le secteur industriel.<\/li>\n<\/ul>\n<p><strong><img loading=\"lazy\" decoding=\"async\" class=\"aligncenter wp-image-6701 size-full\" src=\"https:\/\/larucheindustrielle.fr\/wp-content\/uploads\/2024\/11\/2024-je-decouvre.jpg\" alt=\"\" width=\"877\" height=\"183\" srcset=\"https:\/\/larucheindustrielle.fr\/wp-content\/uploads\/2024\/11\/2024-je-decouvre.jpg 877w, https:\/\/larucheindustrielle.fr\/wp-content\/uploads\/2024\/11\/2024-je-decouvre-480x100.jpg 480w\" sizes=\"(min-width: 0px) and (max-width: 480px) 480px, (min-width: 481px) 877px, 100vw\" \/><\/strong><\/p>\n<p>&nbsp;<\/p>\n<ul>\n<li><strong>Je me forme<\/strong> : 10 exposants ont pr\u00e9sent\u00e9 des dispositifs de formation et d\u2019accompagnement, offrant aux visiteurs des cl\u00e9s pour construire leur parcours professionnel (lyc\u00e9es, enseignement sup\u00e9rieur\u2026)<\/li>\n<\/ul>\n<p><strong><img loading=\"lazy\" decoding=\"async\" class=\"aligncenter wp-image-6703 size-full\" src=\"https:\/\/larucheindustrielle.fr\/wp-content\/uploads\/2024\/11\/2024-je-me-forme.jpg\" alt=\"\" width=\"876\" height=\"201\" srcset=\"https:\/\/larucheindustrielle.fr\/wp-content\/uploads\/2024\/11\/2024-je-me-forme.jpg 876w, https:\/\/larucheindustrielle.fr\/wp-content\/uploads\/2024\/11\/2024-je-me-forme-480x110.jpg 480w\" sizes=\"(min-width: 0px) and (max-width: 480px) 480px, (min-width: 481px) 876px, 100vw\" \/><\/strong><\/p>\n<p>&nbsp;<\/p>\n<ul>\n<li><strong>Je candidate<\/strong> : avec 19 entreprises, ce job dating a suscit\u00e9 de nombreuses rencontres et entretiens pour des missions d\u2019int\u00e9rim, CDD ou CDI et avec des candidats venus du bassin Lyonnais ou du Nord-Is\u00e8re.<\/li>\n<\/ul>\n<p><strong><img loading=\"lazy\" decoding=\"async\" class=\"aligncenter wp-image-6699 size-full\" src=\"https:\/\/larucheindustrielle.fr\/wp-content\/uploads\/2024\/11\/2024-je-candidate.jpg\" alt=\"\" width=\"875\" height=\"240\" srcset=\"https:\/\/larucheindustrielle.fr\/wp-content\/uploads\/2024\/11\/2024-je-candidate.jpg 875w, https:\/\/larucheindustrielle.fr\/wp-content\/uploads\/2024\/11\/2024-je-candidate-480x132.jpg 480w\" sizes=\"(min-width: 0px) and (max-width: 480px) 480px, (min-width: 481px) 875px, 100vw\" \/><\/strong><\/p>\n<h3>\u00a0<\/h3>\n<h3><strong>Des attentes particuli\u00e8rement fortes<\/strong><\/h3>\n<p>Cette \u00e9dition a montr\u00e9 que l\u2019attente de telles rencontres est immense, tant du c\u00f4t\u00e9 des participants que des industriels.<\/p>\n<p>Pour les premiers, c&rsquo;est l\u2019occasion d\u2019enrichir leur<strong> connaissance des m\u00e9tiers industriels<\/strong> (m\u00e9tallurgie, plasturgie\u2026), d\u2019\u00e9changer directement avec les entreprises, et de visualiser des perspectives d\u2019avenir.<br \/>Pour les seconds, cette journ\u00e9e permet de <strong>rep\u00e9rer des talents motiv\u00e9s<\/strong> et d\u2019\u00e9tendre leur ancrage territorial en renfor\u00e7ant leur visibilit\u00e9 et leur Marque Employeur.<\/p>\n<p><img loading=\"lazy\" decoding=\"async\" class=\"aligncenter wp-image-6714 size-full\" src=\"https:\/\/larucheindustrielle.fr\/wp-content\/uploads\/2024\/11\/job-dating.jpg\" alt=\"\" width=\"670\" height=\"673\" srcset=\"https:\/\/larucheindustrielle.fr\/wp-content\/uploads\/2024\/11\/job-dating.jpg 670w, https:\/\/larucheindustrielle.fr\/wp-content\/uploads\/2024\/11\/job-dating-480x482.jpg 480w\" sizes=\"(min-width: 0px) and (max-width: 480px) 480px, (min-width: 481px) 670px, 100vw\" \/><\/p>\n<p>&nbsp;<\/p>\n<h3><strong>Un partenariat renforc\u00e9 au service de l\u2019attractivit\u00e9 du territoire<\/strong><\/h3>\n<p>Cette ann\u00e9e, deux nouveaux partenaires sont venus renforcer le Comit\u00e9 d\u2019organisation du Forum. Cap emploi 69 et les Missions Locales Grand Lyon M\u00e9tropole et Rh\u00f4ne ont rejoint le collectif form\u00e9s l\u2019an dernier, regroupant France Travail, la M\u00e9tropole de Lyon, la MMI&rsquo;e &#8211; Maison M\u00e9tropolitaine d&rsquo;Insertion pour l&rsquo;Emploi, La Ruche Industrielle et la Ville de V\u00e9nissieux.<\/p>\n<p>L\u2019un des moments marquants de cette \u00e9dition a d\u2019ailleurs \u00e9t\u00e9 la signature d\u2019une convention de partenariat entre La Ruche Industrielle et <strong>France Travail V\u00e9nissieux<\/strong>, consolidant une collaboration d\u00e9j\u00e0 active : voir l&rsquo;article \u00e0 ce sujet<\/p>\n<p><img loading=\"lazy\" decoding=\"async\" class=\"aligncenter wp-image-6708 size-large\" src=\"https:\/\/larucheindustrielle.fr\/wp-content\/uploads\/2024\/11\/PXL_20241119_104640195.MP_-1024x771.jpg\" alt=\"\" width=\"1024\" height=\"771\" srcset=\"https:\/\/larucheindustrielle.fr\/wp-content\/uploads\/2024\/11\/PXL_20241119_104640195.MP_-980x738.jpg 980w, https:\/\/larucheindustrielle.fr\/wp-content\/uploads\/2024\/11\/PXL_20241119_104640195.MP_-480x362.jpg 480w\" sizes=\"(min-width: 0px) and (max-width: 480px) 480px, (min-width: 481px) and (max-width: 980px) 980px, (min-width: 981px) 1024px, 100vw\" \/><\/p>\n<h3>\u00a0<\/h3>\n<h3><strong>Une \u00e9dition qui fait rimer industrie et synergies ! <br \/><\/strong><\/h3>\n<p>Cette 3e \u00e9dition du Forum des m\u00e9tiers de l\u2019industrie confirme ainsi son r\u00f4le d\u2019<strong>acc\u00e9l\u00e9rateur de synergies entre les diff\u00e9rents acteurs de l\u2019emploi, de la formation et de l\u2019industrie avec le grand public<\/strong>. Les \u00e9changes avec les participants illustrent l\u2019importance de ce type de rencontres pour r\u00e9pondre aux d\u00e9fis \u00e9conomiques et sociaux actuels.<\/p>\n<p>En s\u2019inscrivant dans une dynamique collaborative, le Forum des m\u00e9tiers 2024 renforce l\u2019id\u00e9e que les industries, en partenariat avec les institutions et le grand public, peuvent coconstruire des solutions durables pour l\u2019emploi et le d\u00e9veloppement territorial.<\/p>\n<p>&nbsp;<\/p>\n<p><strong>Un grand merci aux membres du Comit\u00e9 de Pilotage pour la co-organisation du Forum et bonne continuation \u00e0 tous les visiteurs !<\/strong><\/p>\n<p>[\/et_pb_text][\/et_pb_column][\/et_pb_row][\/et_pb_section]<\/p>\n","protected":false},"excerpt":{"rendered":"<p>Retour sur le Forum des m\u00e9tiers de l&rsquo;industrie 2024 \u00e0 destination chercheurs d&#8217;emploi, des personnes en reconversion et des jeunes.<\/p>\n","protected":false},"author":3,"featured_media":6706,"comment_status":"closed","ping_status":"closed","sticky":false,"template":"","format":"standard","meta":{"_acf_changed":false,"_et_pb_use_builder":"on","_et_pb_old_content":"","_et_gb_content_width":"","footnotes":""},"categories":[17,20],"tags":[],"class_list":["post-6692","post","type-post","status-publish","format-standard","has-post-thumbnail","hentry","category-evenements","category-metiers-dans-lindustrie"],"acf":[],"yoast_head":"<!-- This site is optimized with the Yoast SEO plugin v27.4 - https:\/\/yoast.com\/product\/yoast-seo-wordpress\/ -->\n<title>Un Forum des m\u00e9tiers pour mettre des ponts entre le grand public et l\u2019industrie<\/title>\n<meta name=\"description\" content=\"Retour sur le Forum des m\u00e9tiers de l&#039;industrie 2024 \u00e0 destination chercheurs d&#039;emploi, des personnes en reconversion et des jeunes.\" \/>\n<meta name=\"robots\" content=\"index, follow, max-snippet:-1, max-image-preview:large, max-video-preview:-1\" \/>\n<link rel=\"canonical\" href=\"https:\/\/larucheindustrielle.fr\/fr\/forum-des-metiers-industrie-2024\/\" \/>\n<meta property=\"og:locale\" content=\"fr_FR\" \/>\n<meta property=\"og:type\" content=\"article\" \/>\n<meta property=\"og:title\" content=\"Un Forum des m\u00e9tiers pour mettre des ponts entre le grand public et l\u2019industrie\" \/>\n<meta property=\"og:description\" content=\"Retour sur le Forum des m\u00e9tiers de l&#039;industrie 2024 \u00e0 destination chercheurs d&#039;emploi, des personnes en reconversion et des jeunes.\" \/>\n<meta property=\"og:url\" content=\"https:\/\/larucheindustrielle.fr\/fr\/forum-des-metiers-industrie-2024\/\" \/>\n<meta property=\"og:site_name\" content=\"La Ruche industrielle\" \/>\n<meta property=\"article:published_time\" content=\"2024-11-20T13:20:41+00:00\" \/>\n<meta property=\"article:modified_time\" content=\"2024-12-12T09:16:11+00:00\" \/>\n<meta property=\"og:image\" content=\"https:\/\/larucheindustrielle.fr\/wp-content\/uploads\/2024\/11\/PXL_20241119_100344803-scaled.jpg\" \/>\n\t<meta property=\"og:image:width\" content=\"2560\" \/>\n\t<meta property=\"og:image:height\" content=\"1928\" \/>\n\t<meta property=\"og:image:type\" content=\"image\/jpeg\" \/>\n<meta name=\"author\" content=\"C\u00e9line Brossard\" \/>\n<meta name=\"twitter:card\" content=\"summary_large_image\" \/>\n<meta name=\"twitter:creator\" content=\"@LaRucheIndus\" \/>\n<meta name=\"twitter:site\" content=\"@LaRucheIndus\" \/>\n<meta name=\"twitter:label1\" content=\"\u00c9crit par\" \/>\n\t<meta name=\"twitter:data1\" content=\"C\u00e9line Brossard\" \/>\n\t<meta name=\"twitter:label2\" content=\"Dur\u00e9e de lecture estim\u00e9e\" \/>\n\t<meta name=\"twitter:data2\" content=\"5 minutes\" \/>\n<script type=\"application\/ld+json\" class=\"yoast-schema-graph\">{\"@context\":\"https:\\\/\\\/schema.org\",\"@graph\":[{\"@type\":\"Article\",\"@id\":\"https:\\\/\\\/larucheindustrielle.fr\\\/fr\\\/forum-des-metiers-industrie-2024\\\/#article\",\"isPartOf\":{\"@id\":\"https:\\\/\\\/larucheindustrielle.fr\\\/fr\\\/forum-des-metiers-industrie-2024\\\/\"},\"author\":{\"name\":\"C\u00e9line Brossard\",\"@id\":\"https:\\\/\\\/larucheindustrielle.fr\\\/fr\\\/#\\\/schema\\\/person\\\/25c0164b97fd16b58602fd12915400bf\"},\"headline\":\"Un Forum des m\u00e9tiers pour mettre des ponts entre le grand public et l\u2019industrie\",\"datePublished\":\"2024-11-20T13:20:41+00:00\",\"dateModified\":\"2024-12-12T09:16:11+00:00\",\"mainEntityOfPage\":{\"@id\":\"https:\\\/\\\/larucheindustrielle.fr\\\/fr\\\/forum-des-metiers-industrie-2024\\\/\"},\"wordCount\":852,\"publisher\":{\"@id\":\"https:\\\/\\\/larucheindustrielle.fr\\\/fr\\\/#organization\"},\"image\":{\"@id\":\"https:\\\/\\\/larucheindustrielle.fr\\\/fr\\\/forum-des-metiers-industrie-2024\\\/#primaryimage\"},\"thumbnailUrl\":\"https:\\\/\\\/larucheindustrielle.fr\\\/wp-content\\\/uploads\\\/2024\\\/11\\\/PXL_20241119_100344803-scaled.jpg\",\"articleSection\":[\"\u00c9v\u00e8nements\",\"M\u00e9tiers dans l'industrie\"],\"inLanguage\":\"fr-FR\"},{\"@type\":\"WebPage\",\"@id\":\"https:\\\/\\\/larucheindustrielle.fr\\\/fr\\\/forum-des-metiers-industrie-2024\\\/\",\"url\":\"https:\\\/\\\/larucheindustrielle.fr\\\/fr\\\/forum-des-metiers-industrie-2024\\\/\",\"name\":\"Un Forum des m\u00e9tiers pour mettre des ponts entre le grand public et l\u2019industrie\",\"isPartOf\":{\"@id\":\"https:\\\/\\\/larucheindustrielle.fr\\\/fr\\\/#website\"},\"primaryImageOfPage\":{\"@id\":\"https:\\\/\\\/larucheindustrielle.fr\\\/fr\\\/forum-des-metiers-industrie-2024\\\/#primaryimage\"},\"image\":{\"@id\":\"https:\\\/\\\/larucheindustrielle.fr\\\/fr\\\/forum-des-metiers-industrie-2024\\\/#primaryimage\"},\"thumbnailUrl\":\"https:\\\/\\\/larucheindustrielle.fr\\\/wp-content\\\/uploads\\\/2024\\\/11\\\/PXL_20241119_100344803-scaled.jpg\",\"datePublished\":\"2024-11-20T13:20:41+00:00\",\"dateModified\":\"2024-12-12T09:16:11+00:00\",\"description\":\"Retour sur le Forum des m\u00e9tiers de l'industrie 2024 \u00e0 destination chercheurs d'emploi, des personnes en reconversion et des jeunes.\",\"inLanguage\":\"fr-FR\",\"potentialAction\":[{\"@type\":\"ReadAction\",\"target\":[\"https:\\\/\\\/larucheindustrielle.fr\\\/fr\\\/forum-des-metiers-industrie-2024\\\/\"]}]},{\"@type\":\"ImageObject\",\"inLanguage\":\"fr-FR\",\"@id\":\"https:\\\/\\\/larucheindustrielle.fr\\\/fr\\\/forum-des-metiers-industrie-2024\\\/#primaryimage\",\"url\":\"https:\\\/\\\/larucheindustrielle.fr\\\/wp-content\\\/uploads\\\/2024\\\/11\\\/PXL_20241119_100344803-scaled.jpg\",\"contentUrl\":\"https:\\\/\\\/larucheindustrielle.fr\\\/wp-content\\\/uploads\\\/2024\\\/11\\\/PXL_20241119_100344803-scaled.jpg\",\"width\":2560,\"height\":1928},{\"@type\":\"WebSite\",\"@id\":\"https:\\\/\\\/larucheindustrielle.fr\\\/fr\\\/#website\",\"url\":\"https:\\\/\\\/larucheindustrielle.fr\\\/fr\\\/\",\"name\":\"La Ruche industrielle\",\"description\":\"Ici, on construit ensemble l&#039;industrie du futur !\",\"publisher\":{\"@id\":\"https:\\\/\\\/larucheindustrielle.fr\\\/fr\\\/#organization\"},\"potentialAction\":[{\"@type\":\"SearchAction\",\"target\":{\"@type\":\"EntryPoint\",\"urlTemplate\":\"https:\\\/\\\/larucheindustrielle.fr\\\/fr\\\/?s={search_term_string}\"},\"query-input\":{\"@type\":\"PropertyValueSpecification\",\"valueRequired\":true,\"valueName\":\"search_term_string\"}}],\"inLanguage\":\"fr-FR\"},{\"@type\":\"Organization\",\"@id\":\"https:\\\/\\\/larucheindustrielle.fr\\\/fr\\\/#organization\",\"name\":\"La Ruche industrielle\",\"url\":\"https:\\\/\\\/larucheindustrielle.fr\\\/fr\\\/\",\"logo\":{\"@type\":\"ImageObject\",\"inLanguage\":\"fr-FR\",\"@id\":\"https:\\\/\\\/larucheindustrielle.fr\\\/fr\\\/#\\\/schema\\\/logo\\\/image\\\/\",\"url\":\"https:\\\/\\\/larucheindustrielle.fr\\\/wp-content\\\/uploads\\\/2023\\\/06\\\/Home-page-Logo-la-ruche-en-bois.jpg\",\"contentUrl\":\"https:\\\/\\\/larucheindustrielle.fr\\\/wp-content\\\/uploads\\\/2023\\\/06\\\/Home-page-Logo-la-ruche-en-bois.jpg\",\"width\":1280,\"height\":853,\"caption\":\"La Ruche industrielle\"},\"image\":{\"@id\":\"https:\\\/\\\/larucheindustrielle.fr\\\/fr\\\/#\\\/schema\\\/logo\\\/image\\\/\"},\"sameAs\":[\"https:\\\/\\\/x.com\\\/LaRucheIndus\",\"https:\\\/\\\/fr.linkedin.com\\\/company\\\/la-ruche-industrielle\",\"https:\\\/\\\/www.youtube.com\\\/@larucheindustrielle932\",\"https:\\\/\\\/www.instagram.com\\\/larucheindustrielle\\\/\"]},{\"@type\":\"Person\",\"@id\":\"https:\\\/\\\/larucheindustrielle.fr\\\/fr\\\/#\\\/schema\\\/person\\\/25c0164b97fd16b58602fd12915400bf\",\"name\":\"C\u00e9line Brossard\",\"image\":{\"@type\":\"ImageObject\",\"inLanguage\":\"fr-FR\",\"@id\":\"https:\\\/\\\/secure.gravatar.com\\\/avatar\\\/5bb3e14e1572789c87c5cffb4ed8e9fd127915b203bdaea5d253ce8137bde5ec?s=96&d=mm&r=g\",\"url\":\"https:\\\/\\\/secure.gravatar.com\\\/avatar\\\/5bb3e14e1572789c87c5cffb4ed8e9fd127915b203bdaea5d253ce8137bde5ec?s=96&d=mm&r=g\",\"contentUrl\":\"https:\\\/\\\/secure.gravatar.com\\\/avatar\\\/5bb3e14e1572789c87c5cffb4ed8e9fd127915b203bdaea5d253ce8137bde5ec?s=96&d=mm&r=g\",\"caption\":\"C\u00e9line Brossard\"},\"url\":\"https:\\\/\\\/larucheindustrielle.fr\\\/fr\\\/author\\\/adminlaruche\\\/\"}]}<\/script>\n<!-- \/ Yoast SEO plugin. -->","yoast_head_json":{"title":"Un Forum des m\u00e9tiers pour mettre des ponts entre le grand public et l\u2019industrie","description":"Retour sur le Forum des m\u00e9tiers de l'industrie 2024 \u00e0 destination chercheurs d'emploi, des personnes en reconversion et des jeunes.","robots":{"index":"index","follow":"follow","max-snippet":"max-snippet:-1","max-image-preview":"max-image-preview:large","max-video-preview":"max-video-preview:-1"},"canonical":"https:\/\/larucheindustrielle.fr\/fr\/forum-des-metiers-industrie-2024\/","og_locale":"fr_FR","og_type":"article","og_title":"Un Forum des m\u00e9tiers pour mettre des ponts entre le grand public et l\u2019industrie","og_description":"Retour sur le Forum des m\u00e9tiers de l'industrie 2024 \u00e0 destination chercheurs d'emploi, des personnes en reconversion et des jeunes.","og_url":"https:\/\/larucheindustrielle.fr\/fr\/forum-des-metiers-industrie-2024\/","og_site_name":"La Ruche industrielle","article_published_time":"2024-11-20T13:20:41+00:00","article_modified_time":"2024-12-12T09:16:11+00:00","og_image":[{"width":2560,"height":1928,"url":"https:\/\/larucheindustrielle.fr\/wp-content\/uploads\/2024\/11\/PXL_20241119_100344803-scaled.jpg","type":"image\/jpeg"}],"author":"C\u00e9line Brossard","twitter_card":"summary_large_image","twitter_creator":"@LaRucheIndus","twitter_site":"@LaRucheIndus","twitter_misc":{"\u00c9crit par":"C\u00e9line Brossard","Dur\u00e9e de lecture estim\u00e9e":"5 minutes"},"schema":{"@context":"https:\/\/schema.org","@graph":[{"@type":"Article","@id":"https:\/\/larucheindustrielle.fr\/fr\/forum-des-metiers-industrie-2024\/#article","isPartOf":{"@id":"https:\/\/larucheindustrielle.fr\/fr\/forum-des-metiers-industrie-2024\/"},"author":{"name":"C\u00e9line Brossard","@id":"https:\/\/larucheindustrielle.fr\/fr\/#\/schema\/person\/25c0164b97fd16b58602fd12915400bf"},"headline":"Un Forum des m\u00e9tiers pour mettre des ponts entre le grand public et l\u2019industrie","datePublished":"2024-11-20T13:20:41+00:00","dateModified":"2024-12-12T09:16:11+00:00","mainEntityOfPage":{"@id":"https:\/\/larucheindustrielle.fr\/fr\/forum-des-metiers-industrie-2024\/"},"wordCount":852,"publisher":{"@id":"https:\/\/larucheindustrielle.fr\/fr\/#organization"},"image":{"@id":"https:\/\/larucheindustrielle.fr\/fr\/forum-des-metiers-industrie-2024\/#primaryimage"},"thumbnailUrl":"https:\/\/larucheindustrielle.fr\/wp-content\/uploads\/2024\/11\/PXL_20241119_100344803-scaled.jpg","articleSection":["\u00c9v\u00e8nements","M\u00e9tiers dans l'industrie"],"inLanguage":"fr-FR"},{"@type":"WebPage","@id":"https:\/\/larucheindustrielle.fr\/fr\/forum-des-metiers-industrie-2024\/","url":"https:\/\/larucheindustrielle.fr\/fr\/forum-des-metiers-industrie-2024\/","name":"Un Forum des m\u00e9tiers pour mettre des ponts entre le grand public et l\u2019industrie","isPartOf":{"@id":"https:\/\/larucheindustrielle.fr\/fr\/#website"},"primaryImageOfPage":{"@id":"https:\/\/larucheindustrielle.fr\/fr\/forum-des-metiers-industrie-2024\/#primaryimage"},"image":{"@id":"https:\/\/larucheindustrielle.fr\/fr\/forum-des-metiers-industrie-2024\/#primaryimage"},"thumbnailUrl":"https:\/\/larucheindustrielle.fr\/wp-content\/uploads\/2024\/11\/PXL_20241119_100344803-scaled.jpg","datePublished":"2024-11-20T13:20:41+00:00","dateModified":"2024-12-12T09:16:11+00:00","description":"Retour sur le Forum des m\u00e9tiers de l'industrie 2024 \u00e0 destination chercheurs d'emploi, des personnes en reconversion et des jeunes.","inLanguage":"fr-FR","potentialAction":[{"@type":"ReadAction","target":["https:\/\/larucheindustrielle.fr\/fr\/forum-des-metiers-industrie-2024\/"]}]},{"@type":"ImageObject","inLanguage":"fr-FR","@id":"https:\/\/larucheindustrielle.fr\/fr\/forum-des-metiers-industrie-2024\/#primaryimage","url":"https:\/\/larucheindustrielle.fr\/wp-content\/uploads\/2024\/11\/PXL_20241119_100344803-scaled.jpg","contentUrl":"https:\/\/larucheindustrielle.fr\/wp-content\/uploads\/2024\/11\/PXL_20241119_100344803-scaled.jpg","width":2560,"height":1928},{"@type":"WebSite","@id":"https:\/\/larucheindustrielle.fr\/fr\/#website","url":"https:\/\/larucheindustrielle.fr\/fr\/","name":"La Ruche industrielle","description":"Ici, on construit ensemble l&#039;industrie du futur !","publisher":{"@id":"https:\/\/larucheindustrielle.fr\/fr\/#organization"},"potentialAction":[{"@type":"SearchAction","target":{"@type":"EntryPoint","urlTemplate":"https:\/\/larucheindustrielle.fr\/fr\/?s={search_term_string}"},"query-input":{"@type":"PropertyValueSpecification","valueRequired":true,"valueName":"search_term_string"}}],"inLanguage":"fr-FR"},{"@type":"Organization","@id":"https:\/\/larucheindustrielle.fr\/fr\/#organization","name":"La Ruche industrielle","url":"https:\/\/larucheindustrielle.fr\/fr\/","logo":{"@type":"ImageObject","inLanguage":"fr-FR","@id":"https:\/\/larucheindustrielle.fr\/fr\/#\/schema\/logo\/image\/","url":"https:\/\/larucheindustrielle.fr\/wp-content\/uploads\/2023\/06\/Home-page-Logo-la-ruche-en-bois.jpg","contentUrl":"https:\/\/larucheindustrielle.fr\/wp-content\/uploads\/2023\/06\/Home-page-Logo-la-ruche-en-bois.jpg","width":1280,"height":853,"caption":"La Ruche industrielle"},"image":{"@id":"https:\/\/larucheindustrielle.fr\/fr\/#\/schema\/logo\/image\/"},"sameAs":["https:\/\/x.com\/LaRucheIndus","https:\/\/fr.linkedin.com\/company\/la-ruche-industrielle","https:\/\/www.youtube.com\/@larucheindustrielle932","https:\/\/www.instagram.com\/larucheindustrielle\/"]},{"@type":"Person","@id":"https:\/\/larucheindustrielle.fr\/fr\/#\/schema\/person\/25c0164b97fd16b58602fd12915400bf","name":"C\u00e9line Brossard","image":{"@type":"ImageObject","inLanguage":"fr-FR","@id":"https:\/\/secure.gravatar.com\/avatar\/5bb3e14e1572789c87c5cffb4ed8e9fd127915b203bdaea5d253ce8137bde5ec?s=96&d=mm&r=g","url":"https:\/\/secure.gravatar.com\/avatar\/5bb3e14e1572789c87c5cffb4ed8e9fd127915b203bdaea5d253ce8137bde5ec?s=96&d=mm&r=g","contentUrl":"https:\/\/secure.gravatar.com\/avatar\/5bb3e14e1572789c87c5cffb4ed8e9fd127915b203bdaea5d253ce8137bde5ec?s=96&d=mm&r=g","caption":"C\u00e9line Brossard"},"url":"https:\/\/larucheindustrielle.fr\/fr\/author\/adminlaruche\/"}]}},"publishpress_future_workflow_manual_trigger":{"enabledWorkflows":[]},"_links":{"self":[{"href":"https:\/\/larucheindustrielle.fr\/fr\/wp-json\/wp\/v2\/posts\/6692","targetHints":{"allow":["GET"]}}],"collection":[{"href":"https:\/\/larucheindustrielle.fr\/fr\/wp-json\/wp\/v2\/posts"}],"about":[{"href":"https:\/\/larucheindustrielle.fr\/fr\/wp-json\/wp\/v2\/types\/post"}],"author":[{"embeddable":true,"href":"https:\/\/larucheindustrielle.fr\/fr\/wp-json\/wp\/v2\/users\/3"}],"replies":[{"embeddable":true,"href":"https:\/\/larucheindustrielle.fr\/fr\/wp-json\/wp\/v2\/comments?post=6692"}],"version-history":[{"count":0,"href":"https:\/\/larucheindustrielle.fr\/fr\/wp-json\/wp\/v2\/posts\/6692\/revisions"}],"wp:featuredmedia":[{"embeddable":true,"href":"https:\/\/larucheindustrielle.fr\/fr\/wp-json\/wp\/v2\/media\/6706"}],"wp:attachment":[{"href":"https:\/\/larucheindustrielle.fr\/fr\/wp-json\/wp\/v2\/media?parent=6692"}],"wp:term":[{"taxonomy":"category","embeddable":true,"href":"https:\/\/larucheindustrielle.fr\/fr\/wp-json\/wp\/v2\/categories?post=6692"},{"taxonomy":"post_tag","embeddable":true,"href":"https:\/\/larucheindustrielle.fr\/fr\/wp-json\/wp\/v2\/tags?post=6692"}],"curies":[{"name":"wp","href":"https:\/\/api.w.org\/{rel}","templated":true}]}}