{"id":6730,"date":"2024-11-20T14:43:44","date_gmt":"2024-11-20T13:43:44","guid":{"rendered":"https:\/\/larucheindustrielle.fr\/?p=6730"},"modified":"2024-12-16T10:05:14","modified_gmt":"2024-12-16T09:05:14","slug":"convention-ruche-industrielle-et-france-travail","status":"publish","type":"post","link":"https:\/\/larucheindustrielle.fr\/fr\/convention-ruche-industrielle-et-france-travail\/","title":{"rendered":"Dynamiser l\u2019emploi dans l\u2019industrie : La Ruche Industrielle et France Travail V\u00e9nissieux officialisent leur partenariat"},"content":{"rendered":"<p>[et_pb_section fb_built=\u00a0\u00bb1&Prime; fullwidth=\u00a0\u00bbon\u00a0\u00bb _builder_version=\u00a0\u00bb4.21.0&Prime; _module_preset=\u00a0\u00bbdefault\u00a0\u00bb da_disable_devices=\u00a0\u00bboff|off|off\u00a0\u00bb global_colors_info=\u00a0\u00bb{}\u00a0\u00bb da_is_popup=\u00a0\u00bboff\u00a0\u00bb da_exit_intent=\u00a0\u00bboff\u00a0\u00bb da_has_close=\u00a0\u00bbon\u00a0\u00bb da_alt_close=\u00a0\u00bboff\u00a0\u00bb da_dark_close=\u00a0\u00bboff\u00a0\u00bb da_not_modal=\u00a0\u00bbon\u00a0\u00bb da_is_singular=\u00a0\u00bboff\u00a0\u00bb da_with_loader=\u00a0\u00bboff\u00a0\u00bb da_has_shadow=\u00a0\u00bbon\u00a0\u00bb][et_pb_fullwidth_post_title author=\u00a0\u00bboff\u00a0\u00bb date_format=\u00a0\u00bbj M Y\u00a0\u00bb comments=\u00a0\u00bboff\u00a0\u00bb _builder_version=\u00a0\u00bb4.23.1&Prime; _module_preset=\u00a0\u00bbdefault\u00a0\u00bb global_colors_info=\u00a0\u00bb{}\u00a0\u00bb][\/et_pb_fullwidth_post_title][\/et_pb_section][et_pb_section fb_built=\u00a0\u00bb1&Prime; _builder_version=\u00a0\u00bb4.22.2&Prime; da_disable_devices=\u00a0\u00bboff|off|off\u00a0\u00bb global_colors_info=\u00a0\u00bb{}\u00a0\u00bb da_is_popup=\u00a0\u00bboff\u00a0\u00bb da_exit_intent=\u00a0\u00bboff\u00a0\u00bb da_has_close=\u00a0\u00bbon\u00a0\u00bb da_alt_close=\u00a0\u00bboff\u00a0\u00bb da_dark_close=\u00a0\u00bboff\u00a0\u00bb da_not_modal=\u00a0\u00bbon\u00a0\u00bb da_is_singular=\u00a0\u00bboff\u00a0\u00bb da_with_loader=\u00a0\u00bboff\u00a0\u00bb da_has_shadow=\u00a0\u00bbon\u00a0\u00bb][et_pb_row use_custom_gutter=\u00a0\u00bbon\u00a0\u00bb gutter_width=\u00a0\u00bb1&Prime; _builder_version=\u00a0\u00bb4.21.0&Prime; background_size=\u00a0\u00bbinitial\u00a0\u00bb background_position=\u00a0\u00bbtop_left\u00a0\u00bb background_repeat=\u00a0\u00bbrepeat\u00a0\u00bb global_colors_info=\u00a0\u00bb{}\u00a0\u00bb][et_pb_column type=\u00a0\u00bb4_4&Prime; _builder_version=\u00a0\u00bb4.16&Prime; custom_padding=\u00a0\u00bb|||\u00a0\u00bb global_colors_info=\u00a0\u00bb{}\u00a0\u00bb custom_padding__hover=\u00a0\u00bb|||\u00a0\u00bb][et_pb_text _builder_version=\u00a0\u00bb4.27.0&Prime; background_size=\u00a0\u00bbinitial\u00a0\u00bb background_position=\u00a0\u00bbtop_left\u00a0\u00bb background_repeat=\u00a0\u00bbrepeat\u00a0\u00bb hover_enabled=\u00a0\u00bb0&Prime; global_colors_info=\u00a0\u00bb{}\u00a0\u00bb sticky_enabled=\u00a0\u00bb0&Prime;]<\/p>\n<p><strong>Le 19 novembre 2024, dans le cadre de la 3<\/strong><strong>\u1d49 \u00e9dition du Forum des m\u00e9tiers de l\u2019industrie, La Ruche Industrielle et France Travail V\u00e9nissieux ont formalis\u00e9 leur collaboration en signant une convention partenariale. Cet accord marque une nouvelle \u00e9tape dans leur engagement commun pour dynamiser l\u2019emploi industriel et renforcer les liens entre entreprises et demandeurs d\u2019emploi sur le territoire.<\/strong><\/p>\n<h3>\u00a0<\/h3>\n<h3><strong>Un partenariat au service de l\u2019industrie et de l\u2019emploi<\/strong><\/h3>\n<p>La volont\u00e9 de formaliser cette convention est le fruit d\u2019une collaboration mise en \u0153uvre en 2023 d\u00e8s la 2\u1d49 \u00e9dition du Forum des m\u00e9tiers.<\/p>\n<p>La convention s\u2019articule autour de <strong>deux axes strat\u00e9giques<\/strong> :<\/p>\n<ul>\n<li><strong>Mieux informer sur les secteurs, m\u00e9tiers et opportunit\u00e9s d\u2019emploi<\/strong> dans l\u2019industrie.<\/li>\n<li><strong>R\u00e9pondre aux besoins de recrutement des entreprises<\/strong>, tout en favorisant l\u2019insertion des demandeurs d\u2019emploi.<\/li>\n<\/ul>\n<p>L\u2019objectif est clair : faire d\u00e9couvrir au public des m\u00e9tiers parfois m\u00e9connus, tout en facilitant les connexions entre les talents locaux et les entreprises innovantes qui recrutent.<\/p>\n<h3><img loading=\"lazy\" decoding=\"async\" class=\"aligncenter wp-image-6708 size-large\" src=\"https:\/\/larucheindustrielle.fr\/wp-content\/uploads\/2024\/11\/PXL_20241119_104640195.MP_-1024x771.jpg\" alt=\"\" width=\"1024\" height=\"771\" srcset=\"https:\/\/larucheindustrielle.fr\/wp-content\/uploads\/2024\/11\/PXL_20241119_104640195.MP_-980x738.jpg 980w, https:\/\/larucheindustrielle.fr\/wp-content\/uploads\/2024\/11\/PXL_20241119_104640195.MP_-480x362.jpg 480w\" sizes=\"(min-width: 0px) and (max-width: 480px) 480px, (min-width: 481px) and (max-width: 980px) 980px, (min-width: 981px) 1024px, 100vw\" \/><\/h3>\n<h3><strong>Des m\u00e9tiers souvent m\u00e9connus<br \/><\/strong><\/h3>\n<p>Pour Ferreol PALAU, Directeur d\u2019agence France Travail V\u00e9nissieux, ce partenariat est essentiel pour r\u00e9v\u00e9ler l\u2019attractivit\u00e9 et la proximit\u00e9 des m\u00e9tiers industriels :<\/p>\n<blockquote>\n<p><em>\u00ab Cette convention permet de raccourcir les chemins qui m\u00e8nent vers les m\u00e9tiers de l&rsquo;industrie. Ces m\u00e9tiers sont souvent m\u00e9connus sur le territoire, malgr\u00e9 leur proximit\u00e9 et leur caract\u00e8re innovant, \u00e0 l\u2019image de Mecaware, Symbio ou Renault Trucks Volvo par exemple. Les demandeurs d\u2019emploi n&rsquo;ont pas toujours conscience qu&rsquo;ils peuvent travailler dans les entreprises qui fabriquent leurs objets du quotidien ! \u00bb<\/em><\/p>\n<\/blockquote>\n<p>&nbsp;<\/p>\n<h3><strong>Une compl\u00e9mentarit\u00e9 strat\u00e9gique<\/strong><\/h3>\n<p>Pour Caroline FELIX, Directrice G\u00e9n\u00e9rale de La Ruche Industrielle, il est tout naturel d\u2019officialiser cette collaboration :<\/p>\n<blockquote>\n<p><em>\u00ab Nos missions sont extr\u00eamement compl\u00e9mentaires. La Ruche Industrielle est install\u00e9e sur un site et sur un territoire fortement industriel, au c\u0153ur d\u2019entreprises industrielles qui se questionnent, se challengent, se f\u00e9minisent et se modernisent chaque jour. La Ruche fait en sorte que les humains s&rsquo;y sentent bien et pr\u00f4ne le mode partenarial comme cl\u00e9 pour inventer l&rsquo;industrie de demain. \u00bb<\/em><\/p>\n<p>&nbsp;<\/p>\n<\/blockquote>\n<h3>\u00a0<\/h3>\n<h3><strong>Un impact concret pour le territoire<\/strong><\/h3>\n<p>Cette signature s\u2019inscrit dans une dynamique concr\u00e8te de collaboration, d\u00e9j\u00e0 visible \u00e0 travers le Forum des m\u00e9tiers de l\u2019industrie, v\u00e9ritable terrain d\u2019exp\u00e9rimentation pour les deux partenaires. Lors de cette \u00e9dition, les trois espaces d\u00e9di\u00e9s \u00e0 la d\u00e9couverte des m\u00e9tiers, \u00e0 la formation et au recrutement ont permis de <strong>connecter des centaines de visiteurs avec les acteurs industriels du territoire<\/strong>.<\/p>\n<p>&nbsp;<\/p>\n<h5>Une vision commune, des actions communes. En avant l\u2019industrie\u00a0!<\/h5>\n<p>&nbsp;<\/p>\n<h3><strong>Pour aller plus loin, consultez les articles : <\/strong><\/h3>\n<ul>\n<li>\n<p class=\"entry-title\"><a href=\"https:\/\/larucheindustrielle.fr\/fr\/forum-des-metiers-industrie-2024\/\">Un Forum des m\u00e9tiers pour mettre des ponts entre le grand public et l\u2019industrie<\/a><\/p>\n<\/li>\n<li>\n<p class=\"entry-title\"><a href=\"https:\/\/larucheindustrielle.fr\/fr\/engagement-insertion-emploi\/\">Comment La Ruche Industrielle s\u2019engage-t-elle pour l\u2019insertion et l\u2019emploi ?<\/a><\/p>\n<\/li>\n<li>\n<p class=\"entry-title\"><a href=\"https:\/\/larucheindustrielle.fr\/fr\/feminiser-l-industrie-2024\/\">Nous voulons plus de femmes dans l\u2019industrie\u202f!<\/a><\/p>\n<\/li>\n<\/ul>\n<p>&nbsp;<\/p>\n<p>&nbsp;<\/p>\n<p>[\/et_pb_text][\/et_pb_column][\/et_pb_row][\/et_pb_section]<\/p>\n","protected":false},"excerpt":{"rendered":"<p>Dans le cadre de la 3\u1d49 \u00e9dition du Forum des m\u00e9tiers de l\u2019industrie, La Ruche Industrielle et France Travail V\u00e9nissieux ont formalis\u00e9 leur collaboration en signant une convention partenariale le 19 novembre 2024. Cet accord marque une nouvelle \u00e9tape dans leur engagement commun pour dynamiser l\u2019emploi industriel et renforcer les liens entre entreprises et demandeurs d\u2019emploi sur le territoire.<\/p>\n","protected":false},"author":3,"featured_media":6708,"comment_status":"closed","ping_status":"closed","sticky":false,"template":"","format":"standard","meta":{"_acf_changed":false,"_et_pb_use_builder":"on","_et_pb_old_content":"","_et_gb_content_width":"","footnotes":""},"categories":[23,20],"tags":[],"class_list":["post-6730","post","type-post","status-publish","format-standard","has-post-thumbnail","hentry","category-le-collectif","category-metiers-dans-lindustrie"],"acf":[],"yoast_head":"<!-- This site is optimized with the Yoast SEO plugin v27.4 - https:\/\/yoast.com\/product\/yoast-seo-wordpress\/ -->\n<title>Dynamiser l\u2019emploi dans l\u2019industrie : La Ruche Industrielle et France Travail V\u00e9nissieux officialisent leur partenariat<\/title>\n<meta name=\"description\" content=\"Le 19 novembre 2024, La Ruche Industrielle et France Travail V\u00e9nissieux ont sign\u00e9 une convention d&#039;actions partenariales.\" \/>\n<meta name=\"robots\" content=\"index, follow, max-snippet:-1, max-image-preview:large, max-video-preview:-1\" \/>\n<link rel=\"canonical\" href=\"https:\/\/larucheindustrielle.fr\/fr\/convention-ruche-industrielle-et-france-travail\/\" \/>\n<meta property=\"og:locale\" content=\"fr_FR\" \/>\n<meta property=\"og:type\" content=\"article\" \/>\n<meta property=\"og:title\" content=\"Dynamiser l\u2019emploi dans l\u2019industrie : La Ruche Industrielle et France Travail V\u00e9nissieux officialisent leur partenariat\" \/>\n<meta property=\"og:description\" content=\"Le 19 novembre 2024, La Ruche Industrielle et France Travail V\u00e9nissieux ont sign\u00e9 une convention d&#039;actions partenariales.\" \/>\n<meta property=\"og:url\" content=\"https:\/\/larucheindustrielle.fr\/fr\/convention-ruche-industrielle-et-france-travail\/\" \/>\n<meta property=\"og:site_name\" content=\"La Ruche industrielle\" \/>\n<meta property=\"article:published_time\" content=\"2024-11-20T13:43:44+00:00\" \/>\n<meta property=\"article:modified_time\" content=\"2024-12-16T09:05:14+00:00\" \/>\n<meta property=\"og:image\" content=\"https:\/\/larucheindustrielle.fr\/wp-content\/uploads\/2024\/11\/PXL_20241119_104640195.MP_-scaled.jpg\" \/>\n\t<meta property=\"og:image:width\" content=\"2560\" \/>\n\t<meta property=\"og:image:height\" content=\"1928\" \/>\n\t<meta property=\"og:image:type\" content=\"image\/jpeg\" \/>\n<meta name=\"author\" content=\"C\u00e9line Brossard\" \/>\n<meta name=\"twitter:card\" content=\"summary_large_image\" \/>\n<meta name=\"twitter:creator\" content=\"@LaRucheIndus\" \/>\n<meta name=\"twitter:site\" content=\"@LaRucheIndus\" \/>\n<meta name=\"twitter:label1\" content=\"\u00c9crit par\" \/>\n\t<meta name=\"twitter:data1\" content=\"C\u00e9line Brossard\" \/>\n\t<meta name=\"twitter:label2\" content=\"Dur\u00e9e de lecture estim\u00e9e\" \/>\n\t<meta name=\"twitter:data2\" content=\"2 minutes\" \/>\n<script type=\"application\/ld+json\" class=\"yoast-schema-graph\">{\"@context\":\"https:\\\/\\\/schema.org\",\"@graph\":[{\"@type\":\"Article\",\"@id\":\"https:\\\/\\\/larucheindustrielle.fr\\\/fr\\\/convention-ruche-industrielle-et-france-travail\\\/#article\",\"isPartOf\":{\"@id\":\"https:\\\/\\\/larucheindustrielle.fr\\\/fr\\\/convention-ruche-industrielle-et-france-travail\\\/\"},\"author\":{\"name\":\"C\u00e9line Brossard\",\"@id\":\"https:\\\/\\\/larucheindustrielle.fr\\\/fr\\\/#\\\/schema\\\/person\\\/25c0164b97fd16b58602fd12915400bf\"},\"headline\":\"Dynamiser l\u2019emploi dans l\u2019industrie : La Ruche Industrielle et France Travail V\u00e9nissieux officialisent leur partenariat\",\"datePublished\":\"2024-11-20T13:43:44+00:00\",\"dateModified\":\"2024-12-16T09:05:14+00:00\",\"mainEntityOfPage\":{\"@id\":\"https:\\\/\\\/larucheindustrielle.fr\\\/fr\\\/convention-ruche-industrielle-et-france-travail\\\/\"},\"wordCount\":722,\"publisher\":{\"@id\":\"https:\\\/\\\/larucheindustrielle.fr\\\/fr\\\/#organization\"},\"image\":{\"@id\":\"https:\\\/\\\/larucheindustrielle.fr\\\/fr\\\/convention-ruche-industrielle-et-france-travail\\\/#primaryimage\"},\"thumbnailUrl\":\"https:\\\/\\\/larucheindustrielle.fr\\\/wp-content\\\/uploads\\\/2024\\\/11\\\/PXL_20241119_104640195.MP_-scaled.jpg\",\"articleSection\":[\"Le collectif\",\"M\u00e9tiers dans l'industrie\"],\"inLanguage\":\"fr-FR\"},{\"@type\":\"WebPage\",\"@id\":\"https:\\\/\\\/larucheindustrielle.fr\\\/fr\\\/convention-ruche-industrielle-et-france-travail\\\/\",\"url\":\"https:\\\/\\\/larucheindustrielle.fr\\\/fr\\\/convention-ruche-industrielle-et-france-travail\\\/\",\"name\":\"Dynamiser l\u2019emploi dans l\u2019industrie : La Ruche Industrielle et France Travail V\u00e9nissieux officialisent leur partenariat\",\"isPartOf\":{\"@id\":\"https:\\\/\\\/larucheindustrielle.fr\\\/fr\\\/#website\"},\"primaryImageOfPage\":{\"@id\":\"https:\\\/\\\/larucheindustrielle.fr\\\/fr\\\/convention-ruche-industrielle-et-france-travail\\\/#primaryimage\"},\"image\":{\"@id\":\"https:\\\/\\\/larucheindustrielle.fr\\\/fr\\\/convention-ruche-industrielle-et-france-travail\\\/#primaryimage\"},\"thumbnailUrl\":\"https:\\\/\\\/larucheindustrielle.fr\\\/wp-content\\\/uploads\\\/2024\\\/11\\\/PXL_20241119_104640195.MP_-scaled.jpg\",\"datePublished\":\"2024-11-20T13:43:44+00:00\",\"dateModified\":\"2024-12-16T09:05:14+00:00\",\"description\":\"Le 19 novembre 2024, La Ruche Industrielle et France Travail V\u00e9nissieux ont sign\u00e9 une convention d'actions partenariales.\",\"inLanguage\":\"fr-FR\",\"potentialAction\":[{\"@type\":\"ReadAction\",\"target\":[\"https:\\\/\\\/larucheindustrielle.fr\\\/fr\\\/convention-ruche-industrielle-et-france-travail\\\/\"]}]},{\"@type\":\"ImageObject\",\"inLanguage\":\"fr-FR\",\"@id\":\"https:\\\/\\\/larucheindustrielle.fr\\\/fr\\\/convention-ruche-industrielle-et-france-travail\\\/#primaryimage\",\"url\":\"https:\\\/\\\/larucheindustrielle.fr\\\/wp-content\\\/uploads\\\/2024\\\/11\\\/PXL_20241119_104640195.MP_-scaled.jpg\",\"contentUrl\":\"https:\\\/\\\/larucheindustrielle.fr\\\/wp-content\\\/uploads\\\/2024\\\/11\\\/PXL_20241119_104640195.MP_-scaled.jpg\",\"width\":2560,\"height\":1928},{\"@type\":\"WebSite\",\"@id\":\"https:\\\/\\\/larucheindustrielle.fr\\\/fr\\\/#website\",\"url\":\"https:\\\/\\\/larucheindustrielle.fr\\\/fr\\\/\",\"name\":\"La Ruche industrielle\",\"description\":\"Ici, on construit ensemble l&#039;industrie du futur !\",\"publisher\":{\"@id\":\"https:\\\/\\\/larucheindustrielle.fr\\\/fr\\\/#organization\"},\"potentialAction\":[{\"@type\":\"SearchAction\",\"target\":{\"@type\":\"EntryPoint\",\"urlTemplate\":\"https:\\\/\\\/larucheindustrielle.fr\\\/fr\\\/?s={search_term_string}\"},\"query-input\":{\"@type\":\"PropertyValueSpecification\",\"valueRequired\":true,\"valueName\":\"search_term_string\"}}],\"inLanguage\":\"fr-FR\"},{\"@type\":\"Organization\",\"@id\":\"https:\\\/\\\/larucheindustrielle.fr\\\/fr\\\/#organization\",\"name\":\"La Ruche industrielle\",\"url\":\"https:\\\/\\\/larucheindustrielle.fr\\\/fr\\\/\",\"logo\":{\"@type\":\"ImageObject\",\"inLanguage\":\"fr-FR\",\"@id\":\"https:\\\/\\\/larucheindustrielle.fr\\\/fr\\\/#\\\/schema\\\/logo\\\/image\\\/\",\"url\":\"https:\\\/\\\/larucheindustrielle.fr\\\/wp-content\\\/uploads\\\/2023\\\/06\\\/Home-page-Logo-la-ruche-en-bois.jpg\",\"contentUrl\":\"https:\\\/\\\/larucheindustrielle.fr\\\/wp-content\\\/uploads\\\/2023\\\/06\\\/Home-page-Logo-la-ruche-en-bois.jpg\",\"width\":1280,\"height\":853,\"caption\":\"La Ruche industrielle\"},\"image\":{\"@id\":\"https:\\\/\\\/larucheindustrielle.fr\\\/fr\\\/#\\\/schema\\\/logo\\\/image\\\/\"},\"sameAs\":[\"https:\\\/\\\/x.com\\\/LaRucheIndus\",\"https:\\\/\\\/fr.linkedin.com\\\/company\\\/la-ruche-industrielle\",\"https:\\\/\\\/www.youtube.com\\\/@larucheindustrielle932\",\"https:\\\/\\\/www.instagram.com\\\/larucheindustrielle\\\/\"]},{\"@type\":\"Person\",\"@id\":\"https:\\\/\\\/larucheindustrielle.fr\\\/fr\\\/#\\\/schema\\\/person\\\/25c0164b97fd16b58602fd12915400bf\",\"name\":\"C\u00e9line Brossard\",\"image\":{\"@type\":\"ImageObject\",\"inLanguage\":\"fr-FR\",\"@id\":\"https:\\\/\\\/secure.gravatar.com\\\/avatar\\\/5bb3e14e1572789c87c5cffb4ed8e9fd127915b203bdaea5d253ce8137bde5ec?s=96&d=mm&r=g\",\"url\":\"https:\\\/\\\/secure.gravatar.com\\\/avatar\\\/5bb3e14e1572789c87c5cffb4ed8e9fd127915b203bdaea5d253ce8137bde5ec?s=96&d=mm&r=g\",\"contentUrl\":\"https:\\\/\\\/secure.gravatar.com\\\/avatar\\\/5bb3e14e1572789c87c5cffb4ed8e9fd127915b203bdaea5d253ce8137bde5ec?s=96&d=mm&r=g\",\"caption\":\"C\u00e9line Brossard\"},\"url\":\"https:\\\/\\\/larucheindustrielle.fr\\\/fr\\\/author\\\/adminlaruche\\\/\"}]}<\/script>\n<!-- \/ Yoast SEO plugin. -->","yoast_head_json":{"title":"Dynamiser l\u2019emploi dans l\u2019industrie : La Ruche Industrielle et France Travail V\u00e9nissieux officialisent leur partenariat","description":"Le 19 novembre 2024, La Ruche Industrielle et France Travail V\u00e9nissieux ont sign\u00e9 une convention d'actions partenariales.","robots":{"index":"index","follow":"follow","max-snippet":"max-snippet:-1","max-image-preview":"max-image-preview:large","max-video-preview":"max-video-preview:-1"},"canonical":"https:\/\/larucheindustrielle.fr\/fr\/convention-ruche-industrielle-et-france-travail\/","og_locale":"fr_FR","og_type":"article","og_title":"Dynamiser l\u2019emploi dans l\u2019industrie : La Ruche Industrielle et France Travail V\u00e9nissieux officialisent leur partenariat","og_description":"Le 19 novembre 2024, La Ruche Industrielle et France Travail V\u00e9nissieux ont sign\u00e9 une convention d'actions partenariales.","og_url":"https:\/\/larucheindustrielle.fr\/fr\/convention-ruche-industrielle-et-france-travail\/","og_site_name":"La Ruche industrielle","article_published_time":"2024-11-20T13:43:44+00:00","article_modified_time":"2024-12-16T09:05:14+00:00","og_image":[{"width":2560,"height":1928,"url":"https:\/\/larucheindustrielle.fr\/wp-content\/uploads\/2024\/11\/PXL_20241119_104640195.MP_-scaled.jpg","type":"image\/jpeg"}],"author":"C\u00e9line Brossard","twitter_card":"summary_large_image","twitter_creator":"@LaRucheIndus","twitter_site":"@LaRucheIndus","twitter_misc":{"\u00c9crit par":"C\u00e9line Brossard","Dur\u00e9e de lecture estim\u00e9e":"2 minutes"},"schema":{"@context":"https:\/\/schema.org","@graph":[{"@type":"Article","@id":"https:\/\/larucheindustrielle.fr\/fr\/convention-ruche-industrielle-et-france-travail\/#article","isPartOf":{"@id":"https:\/\/larucheindustrielle.fr\/fr\/convention-ruche-industrielle-et-france-travail\/"},"author":{"name":"C\u00e9line Brossard","@id":"https:\/\/larucheindustrielle.fr\/fr\/#\/schema\/person\/25c0164b97fd16b58602fd12915400bf"},"headline":"Dynamiser l\u2019emploi dans l\u2019industrie : La Ruche Industrielle et France Travail V\u00e9nissieux officialisent leur partenariat","datePublished":"2024-11-20T13:43:44+00:00","dateModified":"2024-12-16T09:05:14+00:00","mainEntityOfPage":{"@id":"https:\/\/larucheindustrielle.fr\/fr\/convention-ruche-industrielle-et-france-travail\/"},"wordCount":722,"publisher":{"@id":"https:\/\/larucheindustrielle.fr\/fr\/#organization"},"image":{"@id":"https:\/\/larucheindustrielle.fr\/fr\/convention-ruche-industrielle-et-france-travail\/#primaryimage"},"thumbnailUrl":"https:\/\/larucheindustrielle.fr\/wp-content\/uploads\/2024\/11\/PXL_20241119_104640195.MP_-scaled.jpg","articleSection":["Le collectif","M\u00e9tiers dans l'industrie"],"inLanguage":"fr-FR"},{"@type":"WebPage","@id":"https:\/\/larucheindustrielle.fr\/fr\/convention-ruche-industrielle-et-france-travail\/","url":"https:\/\/larucheindustrielle.fr\/fr\/convention-ruche-industrielle-et-france-travail\/","name":"Dynamiser l\u2019emploi dans l\u2019industrie : La Ruche Industrielle et France Travail V\u00e9nissieux officialisent leur partenariat","isPartOf":{"@id":"https:\/\/larucheindustrielle.fr\/fr\/#website"},"primaryImageOfPage":{"@id":"https:\/\/larucheindustrielle.fr\/fr\/convention-ruche-industrielle-et-france-travail\/#primaryimage"},"image":{"@id":"https:\/\/larucheindustrielle.fr\/fr\/convention-ruche-industrielle-et-france-travail\/#primaryimage"},"thumbnailUrl":"https:\/\/larucheindustrielle.fr\/wp-content\/uploads\/2024\/11\/PXL_20241119_104640195.MP_-scaled.jpg","datePublished":"2024-11-20T13:43:44+00:00","dateModified":"2024-12-16T09:05:14+00:00","description":"Le 19 novembre 2024, La Ruche Industrielle et France Travail V\u00e9nissieux ont sign\u00e9 une convention d'actions partenariales.","inLanguage":"fr-FR","potentialAction":[{"@type":"ReadAction","target":["https:\/\/larucheindustrielle.fr\/fr\/convention-ruche-industrielle-et-france-travail\/"]}]},{"@type":"ImageObject","inLanguage":"fr-FR","@id":"https:\/\/larucheindustrielle.fr\/fr\/convention-ruche-industrielle-et-france-travail\/#primaryimage","url":"https:\/\/larucheindustrielle.fr\/wp-content\/uploads\/2024\/11\/PXL_20241119_104640195.MP_-scaled.jpg","contentUrl":"https:\/\/larucheindustrielle.fr\/wp-content\/uploads\/2024\/11\/PXL_20241119_104640195.MP_-scaled.jpg","width":2560,"height":1928},{"@type":"WebSite","@id":"https:\/\/larucheindustrielle.fr\/fr\/#website","url":"https:\/\/larucheindustrielle.fr\/fr\/","name":"La Ruche industrielle","description":"Ici, on construit ensemble l&#039;industrie du futur !","publisher":{"@id":"https:\/\/larucheindustrielle.fr\/fr\/#organization"},"potentialAction":[{"@type":"SearchAction","target":{"@type":"EntryPoint","urlTemplate":"https:\/\/larucheindustrielle.fr\/fr\/?s={search_term_string}"},"query-input":{"@type":"PropertyValueSpecification","valueRequired":true,"valueName":"search_term_string"}}],"inLanguage":"fr-FR"},{"@type":"Organization","@id":"https:\/\/larucheindustrielle.fr\/fr\/#organization","name":"La Ruche industrielle","url":"https:\/\/larucheindustrielle.fr\/fr\/","logo":{"@type":"ImageObject","inLanguage":"fr-FR","@id":"https:\/\/larucheindustrielle.fr\/fr\/#\/schema\/logo\/image\/","url":"https:\/\/larucheindustrielle.fr\/wp-content\/uploads\/2023\/06\/Home-page-Logo-la-ruche-en-bois.jpg","contentUrl":"https:\/\/larucheindustrielle.fr\/wp-content\/uploads\/2023\/06\/Home-page-Logo-la-ruche-en-bois.jpg","width":1280,"height":853,"caption":"La Ruche industrielle"},"image":{"@id":"https:\/\/larucheindustrielle.fr\/fr\/#\/schema\/logo\/image\/"},"sameAs":["https:\/\/x.com\/LaRucheIndus","https:\/\/fr.linkedin.com\/company\/la-ruche-industrielle","https:\/\/www.youtube.com\/@larucheindustrielle932","https:\/\/www.instagram.com\/larucheindustrielle\/"]},{"@type":"Person","@id":"https:\/\/larucheindustrielle.fr\/fr\/#\/schema\/person\/25c0164b97fd16b58602fd12915400bf","name":"C\u00e9line Brossard","image":{"@type":"ImageObject","inLanguage":"fr-FR","@id":"https:\/\/secure.gravatar.com\/avatar\/5bb3e14e1572789c87c5cffb4ed8e9fd127915b203bdaea5d253ce8137bde5ec?s=96&d=mm&r=g","url":"https:\/\/secure.gravatar.com\/avatar\/5bb3e14e1572789c87c5cffb4ed8e9fd127915b203bdaea5d253ce8137bde5ec?s=96&d=mm&r=g","contentUrl":"https:\/\/secure.gravatar.com\/avatar\/5bb3e14e1572789c87c5cffb4ed8e9fd127915b203bdaea5d253ce8137bde5ec?s=96&d=mm&r=g","caption":"C\u00e9line Brossard"},"url":"https:\/\/larucheindustrielle.fr\/fr\/author\/adminlaruche\/"}]}},"publishpress_future_workflow_manual_trigger":{"enabledWorkflows":[]},"_links":{"self":[{"href":"https:\/\/larucheindustrielle.fr\/fr\/wp-json\/wp\/v2\/posts\/6730","targetHints":{"allow":["GET"]}}],"collection":[{"href":"https:\/\/larucheindustrielle.fr\/fr\/wp-json\/wp\/v2\/posts"}],"about":[{"href":"https:\/\/larucheindustrielle.fr\/fr\/wp-json\/wp\/v2\/types\/post"}],"author":[{"embeddable":true,"href":"https:\/\/larucheindustrielle.fr\/fr\/wp-json\/wp\/v2\/users\/3"}],"replies":[{"embeddable":true,"href":"https:\/\/larucheindustrielle.fr\/fr\/wp-json\/wp\/v2\/comments?post=6730"}],"version-history":[{"count":0,"href":"https:\/\/larucheindustrielle.fr\/fr\/wp-json\/wp\/v2\/posts\/6730\/revisions"}],"wp:featuredmedia":[{"embeddable":true,"href":"https:\/\/larucheindustrielle.fr\/fr\/wp-json\/wp\/v2\/media\/6708"}],"wp:attachment":[{"href":"https:\/\/larucheindustrielle.fr\/fr\/wp-json\/wp\/v2\/media?parent=6730"}],"wp:term":[{"taxonomy":"category","embeddable":true,"href":"https:\/\/larucheindustrielle.fr\/fr\/wp-json\/wp\/v2\/categories?post=6730"},{"taxonomy":"post_tag","embeddable":true,"href":"https:\/\/larucheindustrielle.fr\/fr\/wp-json\/wp\/v2\/tags?post=6730"}],"curies":[{"name":"wp","href":"https:\/\/api.w.org\/{rel}","templated":true}]}}