{"id":6838,"date":"2024-12-11T09:18:29","date_gmt":"2024-12-11T08:18:29","guid":{"rendered":"https:\/\/larucheindustrielle.fr\/?p=6838"},"modified":"2025-01-08T11:51:33","modified_gmt":"2025-01-08T10:51:33","slug":"vesuvius-devient-adherent-de-la-ruche-industrielle","status":"publish","type":"post","link":"https:\/\/larucheindustrielle.fr\/fr\/vesuvius-devient-adherent-de-la-ruche-industrielle\/","title":{"rendered":"Chaleur humaine et m\u00e9tal en fusion : Vesuvius d\u00e9barque \u00e0 La Ruche Industrielle !"},"content":{"rendered":"<p>[et_pb_section fb_built=\u00a0\u00bb1&Prime; fullwidth=\u00a0\u00bbon\u00a0\u00bb _builder_version=\u00a0\u00bb4.25.2&Prime; _module_preset=\u00a0\u00bbdefault\u00a0\u00bb da_disable_devices=\u00a0\u00bboff|off|off\u00a0\u00bb collapsed=\u00a0\u00bboff\u00a0\u00bb global_colors_info=\u00a0\u00bb{}\u00a0\u00bb da_is_popup=\u00a0\u00bboff\u00a0\u00bb da_exit_intent=\u00a0\u00bboff\u00a0\u00bb da_has_close=\u00a0\u00bbon\u00a0\u00bb da_alt_close=\u00a0\u00bboff\u00a0\u00bb da_dark_close=\u00a0\u00bboff\u00a0\u00bb da_not_modal=\u00a0\u00bbon\u00a0\u00bb da_is_singular=\u00a0\u00bboff\u00a0\u00bb da_with_loader=\u00a0\u00bboff\u00a0\u00bb da_has_shadow=\u00a0\u00bbon\u00a0\u00bb][et_pb_fullwidth_post_title author=\u00a0\u00bboff\u00a0\u00bb date_format=\u00a0\u00bbj M Y\u00a0\u00bb comments=\u00a0\u00bboff\u00a0\u00bb admin_label=\u00a0\u00bbTitre du poste en pleine largeur\u00a0\u00bb _builder_version=\u00a0\u00bb4.25.2&Prime; _module_preset=\u00a0\u00bbdefault\u00a0\u00bb global_colors_info=\u00a0\u00bb{}\u00a0\u00bb][\/et_pb_fullwidth_post_title][\/et_pb_section][et_pb_section fb_built=\u00a0\u00bb1&Prime; _builder_version=\u00a0\u00bb4.25.2&Prime; da_disable_devices=\u00a0\u00bboff|off|off\u00a0\u00bb collapsed=\u00a0\u00bboff\u00a0\u00bb global_colors_info=\u00a0\u00bb{}\u00a0\u00bb da_is_popup=\u00a0\u00bboff\u00a0\u00bb da_exit_intent=\u00a0\u00bboff\u00a0\u00bb da_has_close=\u00a0\u00bbon\u00a0\u00bb da_alt_close=\u00a0\u00bboff\u00a0\u00bb da_dark_close=\u00a0\u00bboff\u00a0\u00bb da_not_modal=\u00a0\u00bbon\u00a0\u00bb da_is_singular=\u00a0\u00bboff\u00a0\u00bb da_with_loader=\u00a0\u00bboff\u00a0\u00bb da_has_shadow=\u00a0\u00bbon\u00a0\u00bb][et_pb_row use_custom_gutter=\u00a0\u00bbon\u00a0\u00bb gutter_width=\u00a0\u00bb1&Prime; _builder_version=\u00a0\u00bb4.25.2&Prime; background_size=\u00a0\u00bbinitial\u00a0\u00bb background_position=\u00a0\u00bbtop_left\u00a0\u00bb background_repeat=\u00a0\u00bbrepeat\u00a0\u00bb global_colors_info=\u00a0\u00bb{}\u00a0\u00bb][et_pb_column type=\u00a0\u00bb4_4&Prime; _builder_version=\u00a0\u00bb4.16&Prime; custom_padding=\u00a0\u00bb|||\u00a0\u00bb global_colors_info=\u00a0\u00bb{}\u00a0\u00bb custom_padding__hover=\u00a0\u00bb|||\u00a0\u00bb][et_pb_text admin_label=\u00a0\u00bbTexte\u00a0\u00bb _builder_version=\u00a0\u00bb4.27.0&Prime; background_size=\u00a0\u00bbinitial\u00a0\u00bb background_position=\u00a0\u00bbtop_left\u00a0\u00bb background_repeat=\u00a0\u00bbrepeat\u00a0\u00bb global_colors_info=\u00a0\u00bb{}\u00a0\u00bb]<\/p>\n<p><strong>Quand l\u2019ing\u00e9nierie des flux de m\u00e9taux en fusion croise le collectif industriel, \u00e7a chauffe ! <\/strong><\/p>\n<p><strong>J\u00e9r\u00e9my Bougherara, Directeur G\u00e9n\u00e9ral de Vesuvius Process Metrix \u00e0 V\u00e9nissieux, nous raconte avec une passion aussi br\u00fblante que ses r\u00e9fractaires pourquoi il a embarqu\u00e9 ses \u00e9quipes dans l\u2019aventure collaborative de La Ruche Industrielle.<\/strong><\/p>\n<p>&nbsp;<\/p>\n<p>[\/et_pb_text][et_pb_text admin_label=\u00a0\u00bbTexte\u00a0\u00bb _builder_version=\u00a0\u00bb4.27.0&Prime; background_size=\u00a0\u00bbinitial\u00a0\u00bb background_position=\u00a0\u00bbtop_left\u00a0\u00bb background_repeat=\u00a0\u00bbrepeat\u00a0\u00bb global_colors_info=\u00a0\u00bb{}\u00a0\u00bb]<\/p>\n<h4>\u00a0<\/h4>\n<h4><strong>Vesuvius : des r\u00e9fractaires et des chiffres qui impressionnent<\/strong><\/h4>\n<p>Vesuvius, c\u2019est un peu comme Iron Man, mais pour les m\u00e9taux liquides. On y con\u00e7oit <strong>des solutions qui r\u00e9sistent \u00e0 des temp\u00e9ratures folles<\/strong>. On parle tout de m\u00eame de de <strong>1000-1200 degr\u00e9s<\/strong>. Rien que \u00e7a\u00a0! \u00a0Et les clients travaillent l\u2019acier, la fonderie, l\u2019aluminium ou encore le ciment.<\/p>\n<p><img loading=\"lazy\" decoding=\"async\" class=\"aligncenter wp-image-6840 size-full\" src=\"https:\/\/larucheindustrielle.fr\/wp-content\/uploads\/2024\/12\/laser-vesuvius.webp\" alt=\"\" width=\"1000\" height=\"522\" srcset=\"https:\/\/larucheindustrielle.fr\/wp-content\/uploads\/2024\/12\/laser-vesuvius.webp 1000w, https:\/\/larucheindustrielle.fr\/wp-content\/uploads\/2024\/12\/laser-vesuvius-980x512.webp 980w, https:\/\/larucheindustrielle.fr\/wp-content\/uploads\/2024\/12\/laser-vesuvius-480x251.webp 480w\" sizes=\"(min-width: 0px) and (max-width: 480px) 480px, (min-width: 481px) and (max-width: 980px) 980px, (min-width: 981px) 1000px, 100vw\" \/><\/p>\n<p>&nbsp;<\/p>\n<p>Avec <strong>11 000 collaborateurs<\/strong>, un chiffre d\u2019affaires de <strong>2,3 milliards d\u2019euros<\/strong> et un si\u00e8ge \u00e0 Londres, ce g\u00e9ant mondial est pr\u00e9sent en France, au sein de trois entit\u00e9s dont deux \u00e0 Lyon :<\/p>\n<ul>\n<li><strong>Vesuvius Process Metrix<\/strong>, l\u2019as des solutions laser qui permettent de d\u00e9terminer les \u00e9paisseurs r\u00e9siduelles de r\u00e9fractaires dans les cuves sid\u00e9rurgiques.<\/li>\n<li><strong>Vesuvius Sert<\/strong>, qui joue les chefs d\u2019orchestre pour r\u00e9guler le d\u00e9bit d\u2019acier liquide comme un maestro.<\/li>\n<\/ul>\n<p>Vesuvius tend donc \u00e0 fournir des solutions compl\u00e8tes \u00e0 ses clients.<\/p>\n<p>\u00c0 Lyon, l\u2019\u00e9quipe compte <strong>60 collaborateurs (40 Vesuvius Sert, 15 Vesuvius Process Metrix et 5 ressources partag\u00e9es)<\/strong>, et sous la houlette de J\u00e9r\u00e9my, ils viennent de rapatrier les technologies de Process Metrix \u00ab\u00a0direct from California\u00a0!\u00a0\u00bb<img loading=\"lazy\" decoding=\"async\" class=\"aligncenter wp-image-6662 size-medium\" src=\"https:\/\/larucheindustrielle.fr\/wp-content\/uploads\/2024\/11\/VESUVIUS-300x238.png\" alt=\"\" width=\"300\" height=\"238\" \/><\/p>\n<p>[\/et_pb_text][et_pb_text _builder_version=\u00a0\u00bb4.27.0&Prime; background_size=\u00a0\u00bbinitial\u00a0\u00bb background_position=\u00a0\u00bbtop_left\u00a0\u00bb background_repeat=\u00a0\u00bbrepeat\u00a0\u00bb custom_margin=\u00a0\u00bb20px||20px||false|false\u00a0\u00bb hover_enabled=\u00a0\u00bb0&Prime; global_colors_info=\u00a0\u00bb{}\u00a0\u00bb sticky_enabled=\u00a0\u00bb0&Prime;]<\/p>\n<h4>\u00a0<\/h4>\n<p>&nbsp;<\/p>\n<h4><strong>Mais qui est J\u00e9r\u00e9my Bougherara ?<\/strong><\/h4>\n<p><strong>Un ing\u00e9nieur<\/strong> m\u00e9canique pass\u00e9 par l\u2019INPG, <strong>un leader<\/strong> form\u00e9 en \u00e9cole de management, et un ancien d\u2019Alstom et Fives. C\u2019est chez Fives qu\u2019il a entendu parler de la Ruche Industrielle, par l\u2019interm\u00e9diaire de Thierry Valot et David Zak.<\/p>\n<p data-wp-editing=\"1\"><img loading=\"lazy\" decoding=\"async\" class=\"aligncenter wp-image-6842 size-full\" src=\"https:\/\/larucheindustrielle.fr\/wp-content\/uploads\/2024\/12\/jeremy-bougherara.jpg\" alt=\"\" width=\"517\" height=\"517\" srcset=\"https:\/\/larucheindustrielle.fr\/wp-content\/uploads\/2024\/12\/jeremy-bougherara.jpg 517w, https:\/\/larucheindustrielle.fr\/wp-content\/uploads\/2024\/12\/jeremy-bougherara-480x480.jpg 480w\" sizes=\"(min-width: 0px) and (max-width: 480px) 480px, (min-width: 481px) 517px, 100vw\" \/><\/p>\n<p>Depuis septembre 2023, il est aux commandes de Vesuvius Process Metrix \u00e0 Lyon, avec une mission ambitieuse. <strong>P\u00e9renniser Process Metrix<\/strong> apr\u00e8s la transition de la Californie et d\u00e9velopper de nouvelles solutions made in France !<\/p>\n<p>&nbsp;<\/p>\n<p>[\/et_pb_text][et_pb_text _builder_version=\u00a0\u00bb4.27.0&Prime; background_size=\u00a0\u00bbinitial\u00a0\u00bb background_position=\u00a0\u00bbtop_left\u00a0\u00bb background_repeat=\u00a0\u00bbrepeat\u00a0\u00bb custom_margin=\u00a0\u00bb20px||20px||false|false\u00a0\u00bb global_colors_info=\u00a0\u00bb{}\u00a0\u00bb]<\/p>\n<h4>\u00a0<\/h4>\n<h4>Pourquoi La Ruche ? \u00ab Parce qu\u2019on est meilleurs ensemble \u00bb<\/h4>\n<p>\u00ab On pourrait croire qu\u2019avec un grand groupe derri\u00e8re nous, on peut tout faire\u00a0! Pas tout \u00e0 fait ! Nous fonctionnons sur Lyon comme une PME, avec des \u00e9quipes \u00e0 taille humaine \u00bb, explique J\u00e9r\u00e9my.<\/p>\n<p>C\u2019est l\u00e0 qu\u2019intervient La Ruche Industrielle. <strong>Ses projets inter-entreprises permettent \u00e0 Vesuvius de relever des d\u00e9fis qu\u2019ils n\u2019auraient pas pu affronter seuls<\/strong>. M\u00eame sans participer directement au projet, les retours d\u2019exp\u00e9rience (REX) et livrables peuvent enrichir les \u00e9quipes. C\u2019est un v\u00e9ritable <strong>gain de temps et d\u2019efficience.<\/strong><\/p>\n<p>Et puis il y a l\u2019ouverture : \u00ab Les \u00e9v\u00e8nements de La Ruche, c\u2019est g\u00e9nial. On se connecte, on partage, on se rend compte qu\u2019on a tous les m\u00eames probl\u00e8mes. \u00bb<\/p>\n<p>Et Vesuvius a d\u00e9j\u00e0 pris le pli\u00a0\ud83d\ude09 L\u2019\u00e9quipe participe activement \u00e0 la <strong>feuille de route projets 2025<\/strong>, main dans la main avec les autres adh\u00e9rents\u2026<\/p>\n<h4>\u00a0<\/h4>\n<h4><strong>Bienvenue dans la Ruche, Vesuvius !<\/strong><\/h4>\n<p>La collaboration, l\u2019innovation, et l\u2019aventure collective : voil\u00e0 ce que La Ruche Industrielle promet \u00e0 ses membres. Et on a h\u00e2te de voir Vesuvius apporter son grain de sable\u2026 ou plut\u00f4t, son four r\u00e9fractaire \u00e0 l\u2019\u00e9difice\u2026<\/p>\n<p>Un grand merci J\u00e9r\u00e9my pour cet interview\u00a0!<\/p>\n<p>[\/et_pb_text][et_pb_text _builder_version=\u00a0\u00bb4.27.0&Prime; background_size=\u00a0\u00bbinitial\u00a0\u00bb background_position=\u00a0\u00bbtop_left\u00a0\u00bb background_repeat=\u00a0\u00bbrepeat\u00a0\u00bb custom_margin=\u00a0\u00bb20px||20px||false|false\u00a0\u00bb global_colors_info=\u00a0\u00bb{}\u00a0\u00bb]<\/p>\n<p>&nbsp;<\/p>\n<h4 aria-level=\"2\">En savoir plus<\/h4>\n<ul>\n<li>Explorez le <a href=\"https:\/\/www.vesuvius.com\" target=\"_blank\" rel=\"noopener\">site Vesuvius<\/a><\/li>\n<li>Plongez dans <a href=\"https:\/\/www.mondedesgrandesecoles.fr\/vesuvius-process-metrix-des-jeunes-talents-bouillants-linterview-de-jeremy-bougherara\/\" target=\"_blank\" rel=\"noopener\">l\u2019histoire de <strong>Process Metrix<\/strong> avec ses talents bouillants (et brillants).<\/a><\/li>\n<\/ul>\n<p>[\/et_pb_text][\/et_pb_column][\/et_pb_row][\/et_pb_section]<\/p>\n","protected":false},"excerpt":{"rendered":"<p>Quand l\u2019ing\u00e9nierie des flux de m\u00e9taux en fusion croise le collectif industriel, \u00e7a chauffe !<\/p>\n<p>J\u00e9r\u00e9my Bougherara, Directeur G\u00e9n\u00e9ral de Vesuvius Process Metrix \u00e0 V\u00e9nissieux, nous raconte avec une passion aussi br\u00fblante que ses r\u00e9fractaires pourquoi il a embarqu\u00e9 ses \u00e9quipes dans l\u2019aventure collaborative de La Ruche Industrielle.<\/p>\n","protected":false},"author":3,"featured_media":6840,"comment_status":"closed","ping_status":"closed","sticky":false,"template":"","format":"standard","meta":{"_acf_changed":false,"_et_pb_use_builder":"on","_et_pb_old_content":"","_et_gb_content_width":"","footnotes":""},"categories":[23],"tags":[],"class_list":["post-6838","post","type-post","status-publish","format-standard","has-post-thumbnail","hentry","category-le-collectif"],"acf":[],"yoast_head":"<!-- This site is optimized with the Yoast SEO plugin v27.4 - https:\/\/yoast.com\/product\/yoast-seo-wordpress\/ -->\n<title>Chaleur humaine et m\u00e9tal en fusion : Vesuvius d\u00e9barque \u00e0 La Ruche Industrielle !<\/title>\n<meta name=\"description\" content=\"J\u00e9r\u00e9my Bougherara, DG Vesuvius Process Metrix, explique pourquoi il embarque ses \u00e9quipes dans l\u2019aventure collaborative de La Ruche.\" \/>\n<meta name=\"robots\" content=\"index, follow, max-snippet:-1, max-image-preview:large, max-video-preview:-1\" \/>\n<link rel=\"canonical\" href=\"https:\/\/larucheindustrielle.fr\/fr\/vesuvius-devient-adherent-de-la-ruche-industrielle\/\" \/>\n<meta property=\"og:locale\" content=\"fr_FR\" \/>\n<meta property=\"og:type\" content=\"article\" \/>\n<meta property=\"og:title\" content=\"Chaleur humaine et m\u00e9tal en fusion : Vesuvius d\u00e9barque \u00e0 La Ruche Industrielle !\" \/>\n<meta property=\"og:description\" content=\"J\u00e9r\u00e9my Bougherara, DG Vesuvius Process Metrix, explique pourquoi il embarque ses \u00e9quipes dans l\u2019aventure collaborative de La Ruche.\" \/>\n<meta property=\"og:url\" content=\"https:\/\/larucheindustrielle.fr\/fr\/vesuvius-devient-adherent-de-la-ruche-industrielle\/\" \/>\n<meta property=\"og:site_name\" content=\"La Ruche industrielle\" \/>\n<meta property=\"article:published_time\" content=\"2024-12-11T08:18:29+00:00\" \/>\n<meta property=\"article:modified_time\" content=\"2025-01-08T10:51:33+00:00\" \/>\n<meta property=\"og:image\" content=\"https:\/\/larucheindustrielle.fr\/wp-content\/uploads\/2024\/12\/laser-vesuvius.webp\" \/>\n\t<meta property=\"og:image:width\" content=\"1000\" \/>\n\t<meta property=\"og:image:height\" content=\"522\" \/>\n\t<meta property=\"og:image:type\" content=\"image\/webp\" \/>\n<meta name=\"author\" content=\"C\u00e9line Brossard\" \/>\n<meta name=\"twitter:card\" content=\"summary_large_image\" \/>\n<meta name=\"twitter:creator\" content=\"@LaRucheIndus\" \/>\n<meta name=\"twitter:site\" content=\"@LaRucheIndus\" \/>\n<meta name=\"twitter:label1\" content=\"\u00c9crit par\" \/>\n\t<meta name=\"twitter:data1\" content=\"C\u00e9line Brossard\" \/>\n\t<meta name=\"twitter:label2\" content=\"Dur\u00e9e de lecture estim\u00e9e\" \/>\n\t<meta name=\"twitter:data2\" content=\"4 minutes\" \/>\n<script type=\"application\/ld+json\" class=\"yoast-schema-graph\">{\"@context\":\"https:\\\/\\\/schema.org\",\"@graph\":[{\"@type\":\"Article\",\"@id\":\"https:\\\/\\\/larucheindustrielle.fr\\\/fr\\\/vesuvius-devient-adherent-de-la-ruche-industrielle\\\/#article\",\"isPartOf\":{\"@id\":\"https:\\\/\\\/larucheindustrielle.fr\\\/fr\\\/vesuvius-devient-adherent-de-la-ruche-industrielle\\\/\"},\"author\":{\"name\":\"C\u00e9line Brossard\",\"@id\":\"https:\\\/\\\/larucheindustrielle.fr\\\/fr\\\/#\\\/schema\\\/person\\\/25c0164b97fd16b58602fd12915400bf\"},\"headline\":\"Chaleur humaine et m\u00e9tal en fusion : Vesuvius d\u00e9barque \u00e0 La Ruche Industrielle !\",\"datePublished\":\"2024-12-11T08:18:29+00:00\",\"dateModified\":\"2025-01-08T10:51:33+00:00\",\"mainEntityOfPage\":{\"@id\":\"https:\\\/\\\/larucheindustrielle.fr\\\/fr\\\/vesuvius-devient-adherent-de-la-ruche-industrielle\\\/\"},\"wordCount\":913,\"publisher\":{\"@id\":\"https:\\\/\\\/larucheindustrielle.fr\\\/fr\\\/#organization\"},\"image\":{\"@id\":\"https:\\\/\\\/larucheindustrielle.fr\\\/fr\\\/vesuvius-devient-adherent-de-la-ruche-industrielle\\\/#primaryimage\"},\"thumbnailUrl\":\"https:\\\/\\\/larucheindustrielle.fr\\\/wp-content\\\/uploads\\\/2024\\\/12\\\/laser-vesuvius.webp\",\"articleSection\":[\"Le collectif\"],\"inLanguage\":\"fr-FR\"},{\"@type\":\"WebPage\",\"@id\":\"https:\\\/\\\/larucheindustrielle.fr\\\/fr\\\/vesuvius-devient-adherent-de-la-ruche-industrielle\\\/\",\"url\":\"https:\\\/\\\/larucheindustrielle.fr\\\/fr\\\/vesuvius-devient-adherent-de-la-ruche-industrielle\\\/\",\"name\":\"Chaleur humaine et m\u00e9tal en fusion : Vesuvius d\u00e9barque \u00e0 La Ruche Industrielle !\",\"isPartOf\":{\"@id\":\"https:\\\/\\\/larucheindustrielle.fr\\\/fr\\\/#website\"},\"primaryImageOfPage\":{\"@id\":\"https:\\\/\\\/larucheindustrielle.fr\\\/fr\\\/vesuvius-devient-adherent-de-la-ruche-industrielle\\\/#primaryimage\"},\"image\":{\"@id\":\"https:\\\/\\\/larucheindustrielle.fr\\\/fr\\\/vesuvius-devient-adherent-de-la-ruche-industrielle\\\/#primaryimage\"},\"thumbnailUrl\":\"https:\\\/\\\/larucheindustrielle.fr\\\/wp-content\\\/uploads\\\/2024\\\/12\\\/laser-vesuvius.webp\",\"datePublished\":\"2024-12-11T08:18:29+00:00\",\"dateModified\":\"2025-01-08T10:51:33+00:00\",\"description\":\"J\u00e9r\u00e9my Bougherara, DG Vesuvius Process Metrix, explique pourquoi il embarque ses \u00e9quipes dans l\u2019aventure collaborative de La Ruche.\",\"inLanguage\":\"fr-FR\",\"potentialAction\":[{\"@type\":\"ReadAction\",\"target\":[\"https:\\\/\\\/larucheindustrielle.fr\\\/fr\\\/vesuvius-devient-adherent-de-la-ruche-industrielle\\\/\"]}]},{\"@type\":\"ImageObject\",\"inLanguage\":\"fr-FR\",\"@id\":\"https:\\\/\\\/larucheindustrielle.fr\\\/fr\\\/vesuvius-devient-adherent-de-la-ruche-industrielle\\\/#primaryimage\",\"url\":\"https:\\\/\\\/larucheindustrielle.fr\\\/wp-content\\\/uploads\\\/2024\\\/12\\\/laser-vesuvius.webp\",\"contentUrl\":\"https:\\\/\\\/larucheindustrielle.fr\\\/wp-content\\\/uploads\\\/2024\\\/12\\\/laser-vesuvius.webp\",\"width\":1000,\"height\":522},{\"@type\":\"WebSite\",\"@id\":\"https:\\\/\\\/larucheindustrielle.fr\\\/fr\\\/#website\",\"url\":\"https:\\\/\\\/larucheindustrielle.fr\\\/fr\\\/\",\"name\":\"La Ruche industrielle\",\"description\":\"Ici, on construit ensemble l&#039;industrie du futur !\",\"publisher\":{\"@id\":\"https:\\\/\\\/larucheindustrielle.fr\\\/fr\\\/#organization\"},\"potentialAction\":[{\"@type\":\"SearchAction\",\"target\":{\"@type\":\"EntryPoint\",\"urlTemplate\":\"https:\\\/\\\/larucheindustrielle.fr\\\/fr\\\/?s={search_term_string}\"},\"query-input\":{\"@type\":\"PropertyValueSpecification\",\"valueRequired\":true,\"valueName\":\"search_term_string\"}}],\"inLanguage\":\"fr-FR\"},{\"@type\":\"Organization\",\"@id\":\"https:\\\/\\\/larucheindustrielle.fr\\\/fr\\\/#organization\",\"name\":\"La Ruche industrielle\",\"url\":\"https:\\\/\\\/larucheindustrielle.fr\\\/fr\\\/\",\"logo\":{\"@type\":\"ImageObject\",\"inLanguage\":\"fr-FR\",\"@id\":\"https:\\\/\\\/larucheindustrielle.fr\\\/fr\\\/#\\\/schema\\\/logo\\\/image\\\/\",\"url\":\"https:\\\/\\\/larucheindustrielle.fr\\\/wp-content\\\/uploads\\\/2023\\\/06\\\/Home-page-Logo-la-ruche-en-bois.jpg\",\"contentUrl\":\"https:\\\/\\\/larucheindustrielle.fr\\\/wp-content\\\/uploads\\\/2023\\\/06\\\/Home-page-Logo-la-ruche-en-bois.jpg\",\"width\":1280,\"height\":853,\"caption\":\"La Ruche industrielle\"},\"image\":{\"@id\":\"https:\\\/\\\/larucheindustrielle.fr\\\/fr\\\/#\\\/schema\\\/logo\\\/image\\\/\"},\"sameAs\":[\"https:\\\/\\\/x.com\\\/LaRucheIndus\",\"https:\\\/\\\/fr.linkedin.com\\\/company\\\/la-ruche-industrielle\",\"https:\\\/\\\/www.youtube.com\\\/@larucheindustrielle932\",\"https:\\\/\\\/www.instagram.com\\\/larucheindustrielle\\\/\"]},{\"@type\":\"Person\",\"@id\":\"https:\\\/\\\/larucheindustrielle.fr\\\/fr\\\/#\\\/schema\\\/person\\\/25c0164b97fd16b58602fd12915400bf\",\"name\":\"C\u00e9line Brossard\",\"image\":{\"@type\":\"ImageObject\",\"inLanguage\":\"fr-FR\",\"@id\":\"https:\\\/\\\/secure.gravatar.com\\\/avatar\\\/5bb3e14e1572789c87c5cffb4ed8e9fd127915b203bdaea5d253ce8137bde5ec?s=96&d=mm&r=g\",\"url\":\"https:\\\/\\\/secure.gravatar.com\\\/avatar\\\/5bb3e14e1572789c87c5cffb4ed8e9fd127915b203bdaea5d253ce8137bde5ec?s=96&d=mm&r=g\",\"contentUrl\":\"https:\\\/\\\/secure.gravatar.com\\\/avatar\\\/5bb3e14e1572789c87c5cffb4ed8e9fd127915b203bdaea5d253ce8137bde5ec?s=96&d=mm&r=g\",\"caption\":\"C\u00e9line Brossard\"},\"url\":\"https:\\\/\\\/larucheindustrielle.fr\\\/fr\\\/author\\\/adminlaruche\\\/\"}]}<\/script>\n<!-- \/ Yoast SEO plugin. -->","yoast_head_json":{"title":"Chaleur humaine et m\u00e9tal en fusion : Vesuvius d\u00e9barque \u00e0 La Ruche Industrielle !","description":"J\u00e9r\u00e9my Bougherara, DG Vesuvius Process Metrix, explique pourquoi il embarque ses \u00e9quipes dans l\u2019aventure collaborative de La Ruche.","robots":{"index":"index","follow":"follow","max-snippet":"max-snippet:-1","max-image-preview":"max-image-preview:large","max-video-preview":"max-video-preview:-1"},"canonical":"https:\/\/larucheindustrielle.fr\/fr\/vesuvius-devient-adherent-de-la-ruche-industrielle\/","og_locale":"fr_FR","og_type":"article","og_title":"Chaleur humaine et m\u00e9tal en fusion : Vesuvius d\u00e9barque \u00e0 La Ruche Industrielle !","og_description":"J\u00e9r\u00e9my Bougherara, DG Vesuvius Process Metrix, explique pourquoi il embarque ses \u00e9quipes dans l\u2019aventure collaborative de La Ruche.","og_url":"https:\/\/larucheindustrielle.fr\/fr\/vesuvius-devient-adherent-de-la-ruche-industrielle\/","og_site_name":"La Ruche industrielle","article_published_time":"2024-12-11T08:18:29+00:00","article_modified_time":"2025-01-08T10:51:33+00:00","og_image":[{"width":1000,"height":522,"url":"https:\/\/larucheindustrielle.fr\/wp-content\/uploads\/2024\/12\/laser-vesuvius.webp","type":"image\/webp"}],"author":"C\u00e9line Brossard","twitter_card":"summary_large_image","twitter_creator":"@LaRucheIndus","twitter_site":"@LaRucheIndus","twitter_misc":{"\u00c9crit par":"C\u00e9line Brossard","Dur\u00e9e de lecture estim\u00e9e":"4 minutes"},"schema":{"@context":"https:\/\/schema.org","@graph":[{"@type":"Article","@id":"https:\/\/larucheindustrielle.fr\/fr\/vesuvius-devient-adherent-de-la-ruche-industrielle\/#article","isPartOf":{"@id":"https:\/\/larucheindustrielle.fr\/fr\/vesuvius-devient-adherent-de-la-ruche-industrielle\/"},"author":{"name":"C\u00e9line Brossard","@id":"https:\/\/larucheindustrielle.fr\/fr\/#\/schema\/person\/25c0164b97fd16b58602fd12915400bf"},"headline":"Chaleur humaine et m\u00e9tal en fusion : Vesuvius d\u00e9barque \u00e0 La Ruche Industrielle !","datePublished":"2024-12-11T08:18:29+00:00","dateModified":"2025-01-08T10:51:33+00:00","mainEntityOfPage":{"@id":"https:\/\/larucheindustrielle.fr\/fr\/vesuvius-devient-adherent-de-la-ruche-industrielle\/"},"wordCount":913,"publisher":{"@id":"https:\/\/larucheindustrielle.fr\/fr\/#organization"},"image":{"@id":"https:\/\/larucheindustrielle.fr\/fr\/vesuvius-devient-adherent-de-la-ruche-industrielle\/#primaryimage"},"thumbnailUrl":"https:\/\/larucheindustrielle.fr\/wp-content\/uploads\/2024\/12\/laser-vesuvius.webp","articleSection":["Le collectif"],"inLanguage":"fr-FR"},{"@type":"WebPage","@id":"https:\/\/larucheindustrielle.fr\/fr\/vesuvius-devient-adherent-de-la-ruche-industrielle\/","url":"https:\/\/larucheindustrielle.fr\/fr\/vesuvius-devient-adherent-de-la-ruche-industrielle\/","name":"Chaleur humaine et m\u00e9tal en fusion : Vesuvius d\u00e9barque \u00e0 La Ruche Industrielle !","isPartOf":{"@id":"https:\/\/larucheindustrielle.fr\/fr\/#website"},"primaryImageOfPage":{"@id":"https:\/\/larucheindustrielle.fr\/fr\/vesuvius-devient-adherent-de-la-ruche-industrielle\/#primaryimage"},"image":{"@id":"https:\/\/larucheindustrielle.fr\/fr\/vesuvius-devient-adherent-de-la-ruche-industrielle\/#primaryimage"},"thumbnailUrl":"https:\/\/larucheindustrielle.fr\/wp-content\/uploads\/2024\/12\/laser-vesuvius.webp","datePublished":"2024-12-11T08:18:29+00:00","dateModified":"2025-01-08T10:51:33+00:00","description":"J\u00e9r\u00e9my Bougherara, DG Vesuvius Process Metrix, explique pourquoi il embarque ses \u00e9quipes dans l\u2019aventure collaborative de La Ruche.","inLanguage":"fr-FR","potentialAction":[{"@type":"ReadAction","target":["https:\/\/larucheindustrielle.fr\/fr\/vesuvius-devient-adherent-de-la-ruche-industrielle\/"]}]},{"@type":"ImageObject","inLanguage":"fr-FR","@id":"https:\/\/larucheindustrielle.fr\/fr\/vesuvius-devient-adherent-de-la-ruche-industrielle\/#primaryimage","url":"https:\/\/larucheindustrielle.fr\/wp-content\/uploads\/2024\/12\/laser-vesuvius.webp","contentUrl":"https:\/\/larucheindustrielle.fr\/wp-content\/uploads\/2024\/12\/laser-vesuvius.webp","width":1000,"height":522},{"@type":"WebSite","@id":"https:\/\/larucheindustrielle.fr\/fr\/#website","url":"https:\/\/larucheindustrielle.fr\/fr\/","name":"La Ruche industrielle","description":"Ici, on construit ensemble l&#039;industrie du futur !","publisher":{"@id":"https:\/\/larucheindustrielle.fr\/fr\/#organization"},"potentialAction":[{"@type":"SearchAction","target":{"@type":"EntryPoint","urlTemplate":"https:\/\/larucheindustrielle.fr\/fr\/?s={search_term_string}"},"query-input":{"@type":"PropertyValueSpecification","valueRequired":true,"valueName":"search_term_string"}}],"inLanguage":"fr-FR"},{"@type":"Organization","@id":"https:\/\/larucheindustrielle.fr\/fr\/#organization","name":"La Ruche industrielle","url":"https:\/\/larucheindustrielle.fr\/fr\/","logo":{"@type":"ImageObject","inLanguage":"fr-FR","@id":"https:\/\/larucheindustrielle.fr\/fr\/#\/schema\/logo\/image\/","url":"https:\/\/larucheindustrielle.fr\/wp-content\/uploads\/2023\/06\/Home-page-Logo-la-ruche-en-bois.jpg","contentUrl":"https:\/\/larucheindustrielle.fr\/wp-content\/uploads\/2023\/06\/Home-page-Logo-la-ruche-en-bois.jpg","width":1280,"height":853,"caption":"La Ruche industrielle"},"image":{"@id":"https:\/\/larucheindustrielle.fr\/fr\/#\/schema\/logo\/image\/"},"sameAs":["https:\/\/x.com\/LaRucheIndus","https:\/\/fr.linkedin.com\/company\/la-ruche-industrielle","https:\/\/www.youtube.com\/@larucheindustrielle932","https:\/\/www.instagram.com\/larucheindustrielle\/"]},{"@type":"Person","@id":"https:\/\/larucheindustrielle.fr\/fr\/#\/schema\/person\/25c0164b97fd16b58602fd12915400bf","name":"C\u00e9line Brossard","image":{"@type":"ImageObject","inLanguage":"fr-FR","@id":"https:\/\/secure.gravatar.com\/avatar\/5bb3e14e1572789c87c5cffb4ed8e9fd127915b203bdaea5d253ce8137bde5ec?s=96&d=mm&r=g","url":"https:\/\/secure.gravatar.com\/avatar\/5bb3e14e1572789c87c5cffb4ed8e9fd127915b203bdaea5d253ce8137bde5ec?s=96&d=mm&r=g","contentUrl":"https:\/\/secure.gravatar.com\/avatar\/5bb3e14e1572789c87c5cffb4ed8e9fd127915b203bdaea5d253ce8137bde5ec?s=96&d=mm&r=g","caption":"C\u00e9line Brossard"},"url":"https:\/\/larucheindustrielle.fr\/fr\/author\/adminlaruche\/"}]}},"publishpress_future_workflow_manual_trigger":{"enabledWorkflows":[]},"_links":{"self":[{"href":"https:\/\/larucheindustrielle.fr\/fr\/wp-json\/wp\/v2\/posts\/6838","targetHints":{"allow":["GET"]}}],"collection":[{"href":"https:\/\/larucheindustrielle.fr\/fr\/wp-json\/wp\/v2\/posts"}],"about":[{"href":"https:\/\/larucheindustrielle.fr\/fr\/wp-json\/wp\/v2\/types\/post"}],"author":[{"embeddable":true,"href":"https:\/\/larucheindustrielle.fr\/fr\/wp-json\/wp\/v2\/users\/3"}],"replies":[{"embeddable":true,"href":"https:\/\/larucheindustrielle.fr\/fr\/wp-json\/wp\/v2\/comments?post=6838"}],"version-history":[{"count":0,"href":"https:\/\/larucheindustrielle.fr\/fr\/wp-json\/wp\/v2\/posts\/6838\/revisions"}],"wp:featuredmedia":[{"embeddable":true,"href":"https:\/\/larucheindustrielle.fr\/fr\/wp-json\/wp\/v2\/media\/6840"}],"wp:attachment":[{"href":"https:\/\/larucheindustrielle.fr\/fr\/wp-json\/wp\/v2\/media?parent=6838"}],"wp:term":[{"taxonomy":"category","embeddable":true,"href":"https:\/\/larucheindustrielle.fr\/fr\/wp-json\/wp\/v2\/categories?post=6838"},{"taxonomy":"post_tag","embeddable":true,"href":"https:\/\/larucheindustrielle.fr\/fr\/wp-json\/wp\/v2\/tags?post=6838"}],"curies":[{"name":"wp","href":"https:\/\/api.w.org\/{rel}","templated":true}]}}