{"id":7119,"date":"2025-02-03T09:53:55","date_gmt":"2025-02-03T08:53:55","guid":{"rendered":"https:\/\/larucheindustrielle.fr\/?p=7119"},"modified":"2025-02-03T10:21:41","modified_gmt":"2025-02-03T09:21:41","slug":"projets-2025","status":"publish","type":"post","link":"https:\/\/larucheindustrielle.fr\/fr\/projets-2025\/","title":{"rendered":"Projets inter-entreprises 2025 : comment La Ruche acc\u00e9l\u00e8re la transformation de l\u2019industrie ?"},"content":{"rendered":"<p>[et_pb_section fb_built=\u00a0\u00bb1&Prime; fullwidth=\u00a0\u00bbon\u00a0\u00bb admin_label=\u00a0\u00bbTitre Actualit\u00e9 (+miniature)\u00a0\u00bb _builder_version=\u00a0\u00bb4.22.2&Prime; _module_preset=\u00a0\u00bbdefault\u00a0\u00bb da_disable_devices=\u00a0\u00bboff|off|off\u00a0\u00bb global_module=\u00a0\u00bb2768&Prime; saved_tabs=\u00a0\u00bball\u00a0\u00bb collapsed=\u00a0\u00bbon\u00a0\u00bb global_colors_info=\u00a0\u00bb{}\u00a0\u00bb da_is_popup=\u00a0\u00bboff\u00a0\u00bb da_exit_intent=\u00a0\u00bboff\u00a0\u00bb da_has_close=\u00a0\u00bbon\u00a0\u00bb da_alt_close=\u00a0\u00bboff\u00a0\u00bb da_dark_close=\u00a0\u00bboff\u00a0\u00bb da_not_modal=\u00a0\u00bbon\u00a0\u00bb da_is_singular=\u00a0\u00bboff\u00a0\u00bb da_with_loader=\u00a0\u00bboff\u00a0\u00bb da_has_shadow=\u00a0\u00bbon\u00a0\u00bb][et_pb_fullwidth_post_title author=\u00a0\u00bboff\u00a0\u00bb date_format=\u00a0\u00bbj M Y\u00a0\u00bb comments=\u00a0\u00bboff\u00a0\u00bb _builder_version=\u00a0\u00bb4.21.0&Prime; _module_preset=\u00a0\u00bbdefault\u00a0\u00bb global_colors_info=\u00a0\u00bb{}\u00a0\u00bb][\/et_pb_fullwidth_post_title][\/et_pb_section][et_pb_section fb_built=\u00a0\u00bb1&Prime; _builder_version=\u00a0\u00bb4.16&Prime; da_disable_devices=\u00a0\u00bboff|off|off\u00a0\u00bb global_colors_info=\u00a0\u00bb{}\u00a0\u00bb da_is_popup=\u00a0\u00bboff\u00a0\u00bb da_exit_intent=\u00a0\u00bboff\u00a0\u00bb da_has_close=\u00a0\u00bbon\u00a0\u00bb da_alt_close=\u00a0\u00bboff\u00a0\u00bb da_dark_close=\u00a0\u00bboff\u00a0\u00bb da_not_modal=\u00a0\u00bbon\u00a0\u00bb da_is_singular=\u00a0\u00bboff\u00a0\u00bb da_with_loader=\u00a0\u00bboff\u00a0\u00bb da_has_shadow=\u00a0\u00bbon\u00a0\u00bb][et_pb_row use_custom_gutter=\u00a0\u00bbon\u00a0\u00bb gutter_width=\u00a0\u00bb1&Prime; _builder_version=\u00a0\u00bb4.21.0&Prime; background_size=\u00a0\u00bbinitial\u00a0\u00bb background_position=\u00a0\u00bbtop_left\u00a0\u00bb background_repeat=\u00a0\u00bbrepeat\u00a0\u00bb global_colors_info=\u00a0\u00bb{}\u00a0\u00bb][et_pb_column type=\u00a0\u00bb4_4&Prime; _builder_version=\u00a0\u00bb4.16&Prime; custom_padding=\u00a0\u00bb|||\u00a0\u00bb global_colors_info=\u00a0\u00bb{}\u00a0\u00bb custom_padding__hover=\u00a0\u00bb|||\u00a0\u00bb][et_pb_text _builder_version=\u00a0\u00bb4.27.0&Prime; background_size=\u00a0\u00bbinitial\u00a0\u00bb background_position=\u00a0\u00bbtop_left\u00a0\u00bb background_repeat=\u00a0\u00bbrepeat\u00a0\u00bb hover_enabled=\u00a0\u00bb0&Prime; global_colors_info=\u00a0\u00bb{}\u00a0\u00bb sticky_enabled=\u00a0\u00bb0&Prime;]<\/p>\n<p><strong>La Ruche Industrielle accompagne ses industriels-adh\u00e9rents toute l\u2019ann\u00e9e au travers de projets anim\u00e9s par des chefs de projets inter-entreprises. Un m\u00e9tier qu\u2019elle a invent\u00e9 il y a quelques ann\u00e9es d\u00e9j\u00e0 et qui a d\u00e9j\u00e0 fait ses preuves sur de nombreux sujets\u00a0: industrie circulaire, continuit\u00e9 num\u00e9rique, suivi de production, recrutement et marque employeur\u2026<\/strong><\/p>\n<p>&nbsp;<\/p>\n<h2>Des projets au c\u0153ur des besoins des industriels<\/h2>\n<p>La Ruche Industrielle ne choisit pas toute seule dans sa grande sagesse les sujets \u00e0 empoigner\u00a0! Elle le fait avec la commission Projets, constitu\u00e9 des Coordinateurs projets de chaque entreprise adh\u00e9rente. Un environnement s\u00e9curis\u00e9 o\u00f9 l\u2019on ose se dire les choses \u00e0 am\u00e9liorer\u2026<\/p>\n<p>Ensemble, les Coordinateurs projets\u00a0:<\/p>\n<ul>\n<li><strong>Partagent leurs besoins et probl\u00e9matiques<\/strong>, bien souvent des sujets strat\u00e9giques pour leur entreprise.<\/li>\n<li><strong>Proc\u00e8dent ensuite \u00e0 un vote<\/strong>, permettant de constituer une <strong>feuille de route commune<\/strong> des projets inter-entreprises \u00e0 mener dans l\u2019ann\u00e9e.<\/li>\n<li><strong>Affectent ensuite dans chaque projet leurs experts m\u00e9tier.<\/strong><\/li>\n<\/ul>\n<p>Ils suivent l\u2019avancement des projets et le <strong>d\u00e9ploiement des solutions concr\u00e8tes<\/strong> dans leur entreprise.<\/p>\n<p>Puis vient ensuite le temps du REX (Retour d\u2018Exp\u00e9riences) o\u00f9 les apprentissages du projet sont diffus\u00e9s largement au sein des entreprises adh\u00e9rentes, aupr\u00e8s d\u2019une centaine de participants.<\/p>\n<p><img loading=\"lazy\" decoding=\"async\" class=\"alignnone wp-image-6762 size-large\" src=\"https:\/\/larucheindustrielle.fr\/wp-content\/uploads\/2024\/11\/20241010_072806997_iOS-1024x768.jpg\" alt=\"\" width=\"1024\" height=\"768\" srcset=\"https:\/\/larucheindustrielle.fr\/wp-content\/uploads\/2024\/11\/20241010_072806997_iOS-980x735.jpg 980w, https:\/\/larucheindustrielle.fr\/wp-content\/uploads\/2024\/11\/20241010_072806997_iOS-480x360.jpg 480w\" sizes=\"(min-width: 0px) and (max-width: 480px) 480px, (min-width: 481px) and (max-width: 980px) 980px, (min-width: 981px) 1024px, 100vw\" \/><\/p>\n<h2>\u00a0<\/h2>\n<h2>Les nouveaux projets 2025<\/h2>\n<p>C&rsquo;est donc une ann\u00e9e passionnante qui s&rsquo;annonce, avec des sujets en phase avec les r\u00e9alit\u00e9s du terrain. \u00c0 La Ruche, on est connect\u00e9 \u00e0 la r\u00e9alit\u00e9\u00a0!<\/p>\n<p>Les nouveaux projets inter-entreprises choisis sont les suivants\u00a0:<\/p>\n<ul>\n<li>\n<h4><strong>Am\u00e9liorer les flux en production<\/strong><\/h4>\n<\/li>\n<li>\n<h4><strong>Digitaliser l\u2019excellence op\u00e9rationnelle<\/strong><\/h4>\n<\/li>\n<li>\n<h4><strong>R\u00e9duire le d\u00e9lai de mise sur le march\u00e9<\/strong>, le fameux Time to market<\/h4>\n<\/li>\n<li>\n<h4><strong>Comprendre et appliquer la directive CSRD <\/strong>&#8211; Corporate Sustainability Reporting Directive<\/h4>\n<\/li>\n<li>\n<h4><strong>Optimiser le co\u00fbt des produits <\/strong>gr\u00e2ce \u00e0 la m\u00e9thode PCO (Product Cost Optimization)<\/h4>\n<\/li>\n<li>\n<h4><strong>Tirer parti de l\u2019Intelligence Artificielle, <\/strong>suite du projet en cours depuis 2024<\/h4>\n<\/li>\n<li>\n<h4><strong>Capitaliser sur les connaissances de l\u2019entreprise <\/strong>ou management des connaissances<\/h4>\n<\/li>\n<li>\n<h4><strong>D\u00e9finir et d\u00e9ployer le feuille de route CEC de La Ruche<\/strong><\/h4>\n<\/li>\n<\/ul>\n<p>&nbsp;<\/p>\n<p>Ces projets vont d\u00e9marrer progressivement dans l\u2019ann\u00e9e.<\/p>\n<p>Ils ont \u00e9t\u00e9 pr\u00e9sent\u00e9s lors de l\u2019\u00e9v\u00e8nement de rentr\u00e9e du 28 janvier 2025, qui a r\u00e9uni 50 collaborateurs adh\u00e9rents et partenaires privil\u00e9gi\u00e9s, comme la M\u00e9tropole de Lyon. Les membres du Bureau ont \u00e9galement pr\u00e9sent\u00e9 leurs v\u0153ux sous le signe des 4 valeurs de La Ruche Industrielle\u00a0:<\/p>\n<ul>\n<li><strong>Audace<\/strong><\/li>\n<li><strong>Diversit\u00e9<\/strong><\/li>\n<li><strong>Orient\u00e9 r\u00e9sultat<\/strong><\/li>\n<li><strong><strong>Plaisir<\/strong><\/strong><\/li>\n<\/ul>\n<blockquote>\n<p>Pour Marc Baeumlin, Pr\u00e9sident de La Ruche Industrielle, \u00ab Dans un contexte d\u2019adaptation permanente, La Ruche Industrielle nous aide \u00e0 ce que chacun d\u2019entre nous, en fonction de ses missions et de ses responsabilit\u00e9s, se pose les bonnes questions et devienne un acteur majeur de la transformation. \u00bb<\/p>\n<\/blockquote>\n<p><img loading=\"lazy\" decoding=\"async\" class=\"aligncenter wp-image-7127 size-large\" src=\"https:\/\/larucheindustrielle.fr\/wp-content\/uploads\/2025\/02\/IMG_8009-2-1024x768.jpg\" alt=\"\" width=\"1024\" height=\"768\" srcset=\"https:\/\/larucheindustrielle.fr\/wp-content\/uploads\/2025\/02\/IMG_8009-2-980x735.jpg 980w, https:\/\/larucheindustrielle.fr\/wp-content\/uploads\/2025\/02\/IMG_8009-2-480x360.jpg 480w\" sizes=\"(min-width: 0px) and (max-width: 480px) 480px, (min-width: 481px) and (max-width: 980px) 980px, (min-width: 981px) 1024px, 100vw\" \/><\/p>\n<p>&nbsp;<\/p>\n<h2>Alors let\u2019s go ! Votre entreprise aussi est en transformation ? Rejoignez La Ruche !<\/h2>\n<p>&nbsp;<\/p>\n<p><strong>Contact :<br \/><\/strong>Bertrand Felix<br \/>Responsable Projets et partenariats<br \/><a href=\"mailto:bertrand.felix.ext@larucheindustrielle.fr\" target=\"_blank\" rel=\"noopener\">bertrand.felix.ext@larucheindustrielle.fr<\/a><\/p>\n<p>&nbsp;<\/p>\n<p>[\/et_pb_text][\/et_pb_column][\/et_pb_row][\/et_pb_section]<\/p>\n","protected":false},"excerpt":{"rendered":"<p>Pr\u00e9sentation des nouveaux projets inter-entreprises 2025 de La Ruche Industrielle pour aider les industriels \u00e0 se transformer<\/p>\n","protected":false},"author":3,"featured_media":6752,"comment_status":"closed","ping_status":"closed","sticky":false,"template":"","format":"standard","meta":{"_acf_changed":false,"_et_pb_use_builder":"on","_et_pb_old_content":"","_et_gb_content_width":"","footnotes":""},"categories":[34],"tags":[],"class_list":["post-7119","post","type-post","status-publish","format-standard","has-post-thumbnail","hentry","category-projets"],"acf":[],"yoast_head":"<!-- This site is optimized with the Yoast SEO plugin v27.4 - https:\/\/yoast.com\/product\/yoast-seo-wordpress\/ -->\n<title>Projets inter-entreprises 2025 : comment La Ruche acc\u00e9l\u00e8re la transformation de l\u2019industrie ? - La Ruche industrielle<\/title>\n<meta name=\"description\" content=\"Pr\u00e9sentation des nouveaux projets inter-entreprises 2025 de La Ruche Industrielle pour aider les industriels \u00e0 se transformer\" \/>\n<meta name=\"robots\" content=\"index, follow, max-snippet:-1, max-image-preview:large, max-video-preview:-1\" \/>\n<link rel=\"canonical\" href=\"https:\/\/larucheindustrielle.fr\/fr\/projets-2025\/\" \/>\n<meta property=\"og:locale\" content=\"fr_FR\" \/>\n<meta property=\"og:type\" content=\"article\" \/>\n<meta property=\"og:title\" content=\"Projets inter-entreprises 2025 : comment La Ruche acc\u00e9l\u00e8re la transformation de l\u2019industrie ? - La Ruche industrielle\" \/>\n<meta property=\"og:description\" content=\"Pr\u00e9sentation des nouveaux projets inter-entreprises 2025 de La Ruche Industrielle pour aider les industriels \u00e0 se transformer\" \/>\n<meta property=\"og:url\" content=\"https:\/\/larucheindustrielle.fr\/fr\/projets-2025\/\" \/>\n<meta property=\"og:site_name\" content=\"La Ruche industrielle\" \/>\n<meta property=\"article:published_time\" content=\"2025-02-03T08:53:55+00:00\" \/>\n<meta property=\"article:modified_time\" content=\"2025-02-03T09:21:41+00:00\" \/>\n<meta property=\"og:image\" content=\"https:\/\/larucheindustrielle.fr\/wp-content\/uploads\/2024\/11\/PXL_20241010_071815169.MP_-scaled.jpg\" \/>\n\t<meta property=\"og:image:width\" content=\"2560\" \/>\n\t<meta property=\"og:image:height\" content=\"1928\" \/>\n\t<meta property=\"og:image:type\" content=\"image\/jpeg\" \/>\n<meta name=\"author\" content=\"C\u00e9line Brossard\" \/>\n<meta name=\"twitter:card\" content=\"summary_large_image\" \/>\n<meta name=\"twitter:creator\" content=\"@LaRucheIndus\" \/>\n<meta name=\"twitter:site\" content=\"@LaRucheIndus\" \/>\n<meta name=\"twitter:label1\" content=\"\u00c9crit par\" \/>\n\t<meta name=\"twitter:data1\" content=\"C\u00e9line Brossard\" \/>\n\t<meta name=\"twitter:label2\" content=\"Dur\u00e9e de lecture estim\u00e9e\" \/>\n\t<meta name=\"twitter:data2\" content=\"3 minutes\" \/>\n<script type=\"application\/ld+json\" class=\"yoast-schema-graph\">{\"@context\":\"https:\\\/\\\/schema.org\",\"@graph\":[{\"@type\":\"Article\",\"@id\":\"https:\\\/\\\/larucheindustrielle.fr\\\/fr\\\/projets-2025\\\/#article\",\"isPartOf\":{\"@id\":\"https:\\\/\\\/larucheindustrielle.fr\\\/fr\\\/projets-2025\\\/\"},\"author\":{\"name\":\"C\u00e9line Brossard\",\"@id\":\"https:\\\/\\\/larucheindustrielle.fr\\\/fr\\\/#\\\/schema\\\/person\\\/25c0164b97fd16b58602fd12915400bf\"},\"headline\":\"Projets inter-entreprises 2025 : comment La Ruche acc\u00e9l\u00e8re la transformation de l\u2019industrie ?\",\"datePublished\":\"2025-02-03T08:53:55+00:00\",\"dateModified\":\"2025-02-03T09:21:41+00:00\",\"mainEntityOfPage\":{\"@id\":\"https:\\\/\\\/larucheindustrielle.fr\\\/fr\\\/projets-2025\\\/\"},\"wordCount\":728,\"publisher\":{\"@id\":\"https:\\\/\\\/larucheindustrielle.fr\\\/fr\\\/#organization\"},\"image\":{\"@id\":\"https:\\\/\\\/larucheindustrielle.fr\\\/fr\\\/projets-2025\\\/#primaryimage\"},\"thumbnailUrl\":\"https:\\\/\\\/larucheindustrielle.fr\\\/wp-content\\\/uploads\\\/2024\\\/11\\\/PXL_20241010_071815169.MP_-scaled.jpg\",\"articleSection\":[\"Projets\"],\"inLanguage\":\"fr-FR\"},{\"@type\":\"WebPage\",\"@id\":\"https:\\\/\\\/larucheindustrielle.fr\\\/fr\\\/projets-2025\\\/\",\"url\":\"https:\\\/\\\/larucheindustrielle.fr\\\/fr\\\/projets-2025\\\/\",\"name\":\"Projets inter-entreprises 2025 : comment La Ruche acc\u00e9l\u00e8re la transformation de l\u2019industrie ? - La Ruche industrielle\",\"isPartOf\":{\"@id\":\"https:\\\/\\\/larucheindustrielle.fr\\\/fr\\\/#website\"},\"primaryImageOfPage\":{\"@id\":\"https:\\\/\\\/larucheindustrielle.fr\\\/fr\\\/projets-2025\\\/#primaryimage\"},\"image\":{\"@id\":\"https:\\\/\\\/larucheindustrielle.fr\\\/fr\\\/projets-2025\\\/#primaryimage\"},\"thumbnailUrl\":\"https:\\\/\\\/larucheindustrielle.fr\\\/wp-content\\\/uploads\\\/2024\\\/11\\\/PXL_20241010_071815169.MP_-scaled.jpg\",\"datePublished\":\"2025-02-03T08:53:55+00:00\",\"dateModified\":\"2025-02-03T09:21:41+00:00\",\"description\":\"Pr\u00e9sentation des nouveaux projets inter-entreprises 2025 de La Ruche Industrielle pour aider les industriels \u00e0 se transformer\",\"inLanguage\":\"fr-FR\",\"potentialAction\":[{\"@type\":\"ReadAction\",\"target\":[\"https:\\\/\\\/larucheindustrielle.fr\\\/fr\\\/projets-2025\\\/\"]}]},{\"@type\":\"ImageObject\",\"inLanguage\":\"fr-FR\",\"@id\":\"https:\\\/\\\/larucheindustrielle.fr\\\/fr\\\/projets-2025\\\/#primaryimage\",\"url\":\"https:\\\/\\\/larucheindustrielle.fr\\\/wp-content\\\/uploads\\\/2024\\\/11\\\/PXL_20241010_071815169.MP_-scaled.jpg\",\"contentUrl\":\"https:\\\/\\\/larucheindustrielle.fr\\\/wp-content\\\/uploads\\\/2024\\\/11\\\/PXL_20241010_071815169.MP_-scaled.jpg\",\"width\":2560,\"height\":1928,\"caption\":\"REX - La Ruche Industrielle\"},{\"@type\":\"WebSite\",\"@id\":\"https:\\\/\\\/larucheindustrielle.fr\\\/fr\\\/#website\",\"url\":\"https:\\\/\\\/larucheindustrielle.fr\\\/fr\\\/\",\"name\":\"La Ruche industrielle\",\"description\":\"Ici, on construit ensemble l&#039;industrie du futur !\",\"publisher\":{\"@id\":\"https:\\\/\\\/larucheindustrielle.fr\\\/fr\\\/#organization\"},\"potentialAction\":[{\"@type\":\"SearchAction\",\"target\":{\"@type\":\"EntryPoint\",\"urlTemplate\":\"https:\\\/\\\/larucheindustrielle.fr\\\/fr\\\/?s={search_term_string}\"},\"query-input\":{\"@type\":\"PropertyValueSpecification\",\"valueRequired\":true,\"valueName\":\"search_term_string\"}}],\"inLanguage\":\"fr-FR\"},{\"@type\":\"Organization\",\"@id\":\"https:\\\/\\\/larucheindustrielle.fr\\\/fr\\\/#organization\",\"name\":\"La Ruche industrielle\",\"url\":\"https:\\\/\\\/larucheindustrielle.fr\\\/fr\\\/\",\"logo\":{\"@type\":\"ImageObject\",\"inLanguage\":\"fr-FR\",\"@id\":\"https:\\\/\\\/larucheindustrielle.fr\\\/fr\\\/#\\\/schema\\\/logo\\\/image\\\/\",\"url\":\"https:\\\/\\\/larucheindustrielle.fr\\\/wp-content\\\/uploads\\\/2023\\\/06\\\/Home-page-Logo-la-ruche-en-bois.jpg\",\"contentUrl\":\"https:\\\/\\\/larucheindustrielle.fr\\\/wp-content\\\/uploads\\\/2023\\\/06\\\/Home-page-Logo-la-ruche-en-bois.jpg\",\"width\":1280,\"height\":853,\"caption\":\"La Ruche industrielle\"},\"image\":{\"@id\":\"https:\\\/\\\/larucheindustrielle.fr\\\/fr\\\/#\\\/schema\\\/logo\\\/image\\\/\"},\"sameAs\":[\"https:\\\/\\\/x.com\\\/LaRucheIndus\",\"https:\\\/\\\/fr.linkedin.com\\\/company\\\/la-ruche-industrielle\",\"https:\\\/\\\/www.youtube.com\\\/@larucheindustrielle932\",\"https:\\\/\\\/www.instagram.com\\\/larucheindustrielle\\\/\"]},{\"@type\":\"Person\",\"@id\":\"https:\\\/\\\/larucheindustrielle.fr\\\/fr\\\/#\\\/schema\\\/person\\\/25c0164b97fd16b58602fd12915400bf\",\"name\":\"C\u00e9line Brossard\",\"image\":{\"@type\":\"ImageObject\",\"inLanguage\":\"fr-FR\",\"@id\":\"https:\\\/\\\/secure.gravatar.com\\\/avatar\\\/5bb3e14e1572789c87c5cffb4ed8e9fd127915b203bdaea5d253ce8137bde5ec?s=96&d=mm&r=g\",\"url\":\"https:\\\/\\\/secure.gravatar.com\\\/avatar\\\/5bb3e14e1572789c87c5cffb4ed8e9fd127915b203bdaea5d253ce8137bde5ec?s=96&d=mm&r=g\",\"contentUrl\":\"https:\\\/\\\/secure.gravatar.com\\\/avatar\\\/5bb3e14e1572789c87c5cffb4ed8e9fd127915b203bdaea5d253ce8137bde5ec?s=96&d=mm&r=g\",\"caption\":\"C\u00e9line Brossard\"},\"url\":\"https:\\\/\\\/larucheindustrielle.fr\\\/fr\\\/author\\\/adminlaruche\\\/\"}]}<\/script>\n<!-- \/ Yoast SEO plugin. -->","yoast_head_json":{"title":"Projets inter-entreprises 2025 : comment La Ruche acc\u00e9l\u00e8re la transformation de l\u2019industrie ? - La Ruche industrielle","description":"Pr\u00e9sentation des nouveaux projets inter-entreprises 2025 de La Ruche Industrielle pour aider les industriels \u00e0 se transformer","robots":{"index":"index","follow":"follow","max-snippet":"max-snippet:-1","max-image-preview":"max-image-preview:large","max-video-preview":"max-video-preview:-1"},"canonical":"https:\/\/larucheindustrielle.fr\/fr\/projets-2025\/","og_locale":"fr_FR","og_type":"article","og_title":"Projets inter-entreprises 2025 : comment La Ruche acc\u00e9l\u00e8re la transformation de l\u2019industrie ? - La Ruche industrielle","og_description":"Pr\u00e9sentation des nouveaux projets inter-entreprises 2025 de La Ruche Industrielle pour aider les industriels \u00e0 se transformer","og_url":"https:\/\/larucheindustrielle.fr\/fr\/projets-2025\/","og_site_name":"La Ruche industrielle","article_published_time":"2025-02-03T08:53:55+00:00","article_modified_time":"2025-02-03T09:21:41+00:00","og_image":[{"width":2560,"height":1928,"url":"https:\/\/larucheindustrielle.fr\/wp-content\/uploads\/2024\/11\/PXL_20241010_071815169.MP_-scaled.jpg","type":"image\/jpeg"}],"author":"C\u00e9line Brossard","twitter_card":"summary_large_image","twitter_creator":"@LaRucheIndus","twitter_site":"@LaRucheIndus","twitter_misc":{"\u00c9crit par":"C\u00e9line Brossard","Dur\u00e9e de lecture estim\u00e9e":"3 minutes"},"schema":{"@context":"https:\/\/schema.org","@graph":[{"@type":"Article","@id":"https:\/\/larucheindustrielle.fr\/fr\/projets-2025\/#article","isPartOf":{"@id":"https:\/\/larucheindustrielle.fr\/fr\/projets-2025\/"},"author":{"name":"C\u00e9line Brossard","@id":"https:\/\/larucheindustrielle.fr\/fr\/#\/schema\/person\/25c0164b97fd16b58602fd12915400bf"},"headline":"Projets inter-entreprises 2025 : comment La Ruche acc\u00e9l\u00e8re la transformation de l\u2019industrie ?","datePublished":"2025-02-03T08:53:55+00:00","dateModified":"2025-02-03T09:21:41+00:00","mainEntityOfPage":{"@id":"https:\/\/larucheindustrielle.fr\/fr\/projets-2025\/"},"wordCount":728,"publisher":{"@id":"https:\/\/larucheindustrielle.fr\/fr\/#organization"},"image":{"@id":"https:\/\/larucheindustrielle.fr\/fr\/projets-2025\/#primaryimage"},"thumbnailUrl":"https:\/\/larucheindustrielle.fr\/wp-content\/uploads\/2024\/11\/PXL_20241010_071815169.MP_-scaled.jpg","articleSection":["Projets"],"inLanguage":"fr-FR"},{"@type":"WebPage","@id":"https:\/\/larucheindustrielle.fr\/fr\/projets-2025\/","url":"https:\/\/larucheindustrielle.fr\/fr\/projets-2025\/","name":"Projets inter-entreprises 2025 : comment La Ruche acc\u00e9l\u00e8re la transformation de l\u2019industrie ? - La Ruche industrielle","isPartOf":{"@id":"https:\/\/larucheindustrielle.fr\/fr\/#website"},"primaryImageOfPage":{"@id":"https:\/\/larucheindustrielle.fr\/fr\/projets-2025\/#primaryimage"},"image":{"@id":"https:\/\/larucheindustrielle.fr\/fr\/projets-2025\/#primaryimage"},"thumbnailUrl":"https:\/\/larucheindustrielle.fr\/wp-content\/uploads\/2024\/11\/PXL_20241010_071815169.MP_-scaled.jpg","datePublished":"2025-02-03T08:53:55+00:00","dateModified":"2025-02-03T09:21:41+00:00","description":"Pr\u00e9sentation des nouveaux projets inter-entreprises 2025 de La Ruche Industrielle pour aider les industriels \u00e0 se transformer","inLanguage":"fr-FR","potentialAction":[{"@type":"ReadAction","target":["https:\/\/larucheindustrielle.fr\/fr\/projets-2025\/"]}]},{"@type":"ImageObject","inLanguage":"fr-FR","@id":"https:\/\/larucheindustrielle.fr\/fr\/projets-2025\/#primaryimage","url":"https:\/\/larucheindustrielle.fr\/wp-content\/uploads\/2024\/11\/PXL_20241010_071815169.MP_-scaled.jpg","contentUrl":"https:\/\/larucheindustrielle.fr\/wp-content\/uploads\/2024\/11\/PXL_20241010_071815169.MP_-scaled.jpg","width":2560,"height":1928,"caption":"REX - La Ruche Industrielle"},{"@type":"WebSite","@id":"https:\/\/larucheindustrielle.fr\/fr\/#website","url":"https:\/\/larucheindustrielle.fr\/fr\/","name":"La Ruche industrielle","description":"Ici, on construit ensemble l&#039;industrie du futur !","publisher":{"@id":"https:\/\/larucheindustrielle.fr\/fr\/#organization"},"potentialAction":[{"@type":"SearchAction","target":{"@type":"EntryPoint","urlTemplate":"https:\/\/larucheindustrielle.fr\/fr\/?s={search_term_string}"},"query-input":{"@type":"PropertyValueSpecification","valueRequired":true,"valueName":"search_term_string"}}],"inLanguage":"fr-FR"},{"@type":"Organization","@id":"https:\/\/larucheindustrielle.fr\/fr\/#organization","name":"La Ruche industrielle","url":"https:\/\/larucheindustrielle.fr\/fr\/","logo":{"@type":"ImageObject","inLanguage":"fr-FR","@id":"https:\/\/larucheindustrielle.fr\/fr\/#\/schema\/logo\/image\/","url":"https:\/\/larucheindustrielle.fr\/wp-content\/uploads\/2023\/06\/Home-page-Logo-la-ruche-en-bois.jpg","contentUrl":"https:\/\/larucheindustrielle.fr\/wp-content\/uploads\/2023\/06\/Home-page-Logo-la-ruche-en-bois.jpg","width":1280,"height":853,"caption":"La Ruche industrielle"},"image":{"@id":"https:\/\/larucheindustrielle.fr\/fr\/#\/schema\/logo\/image\/"},"sameAs":["https:\/\/x.com\/LaRucheIndus","https:\/\/fr.linkedin.com\/company\/la-ruche-industrielle","https:\/\/www.youtube.com\/@larucheindustrielle932","https:\/\/www.instagram.com\/larucheindustrielle\/"]},{"@type":"Person","@id":"https:\/\/larucheindustrielle.fr\/fr\/#\/schema\/person\/25c0164b97fd16b58602fd12915400bf","name":"C\u00e9line Brossard","image":{"@type":"ImageObject","inLanguage":"fr-FR","@id":"https:\/\/secure.gravatar.com\/avatar\/5bb3e14e1572789c87c5cffb4ed8e9fd127915b203bdaea5d253ce8137bde5ec?s=96&d=mm&r=g","url":"https:\/\/secure.gravatar.com\/avatar\/5bb3e14e1572789c87c5cffb4ed8e9fd127915b203bdaea5d253ce8137bde5ec?s=96&d=mm&r=g","contentUrl":"https:\/\/secure.gravatar.com\/avatar\/5bb3e14e1572789c87c5cffb4ed8e9fd127915b203bdaea5d253ce8137bde5ec?s=96&d=mm&r=g","caption":"C\u00e9line Brossard"},"url":"https:\/\/larucheindustrielle.fr\/fr\/author\/adminlaruche\/"}]}},"publishpress_future_workflow_manual_trigger":{"enabledWorkflows":[]},"_links":{"self":[{"href":"https:\/\/larucheindustrielle.fr\/fr\/wp-json\/wp\/v2\/posts\/7119","targetHints":{"allow":["GET"]}}],"collection":[{"href":"https:\/\/larucheindustrielle.fr\/fr\/wp-json\/wp\/v2\/posts"}],"about":[{"href":"https:\/\/larucheindustrielle.fr\/fr\/wp-json\/wp\/v2\/types\/post"}],"author":[{"embeddable":true,"href":"https:\/\/larucheindustrielle.fr\/fr\/wp-json\/wp\/v2\/users\/3"}],"replies":[{"embeddable":true,"href":"https:\/\/larucheindustrielle.fr\/fr\/wp-json\/wp\/v2\/comments?post=7119"}],"version-history":[{"count":0,"href":"https:\/\/larucheindustrielle.fr\/fr\/wp-json\/wp\/v2\/posts\/7119\/revisions"}],"wp:featuredmedia":[{"embeddable":true,"href":"https:\/\/larucheindustrielle.fr\/fr\/wp-json\/wp\/v2\/media\/6752"}],"wp:attachment":[{"href":"https:\/\/larucheindustrielle.fr\/fr\/wp-json\/wp\/v2\/media?parent=7119"}],"wp:term":[{"taxonomy":"category","embeddable":true,"href":"https:\/\/larucheindustrielle.fr\/fr\/wp-json\/wp\/v2\/categories?post=7119"},{"taxonomy":"post_tag","embeddable":true,"href":"https:\/\/larucheindustrielle.fr\/fr\/wp-json\/wp\/v2\/tags?post=7119"}],"curies":[{"name":"wp","href":"https:\/\/api.w.org\/{rel}","templated":true}]}}