{"id":8528,"date":"2025-06-12T14:11:09","date_gmt":"2025-06-12T12:11:09","guid":{"rendered":"https:\/\/larucheindustrielle.fr\/?p=8528"},"modified":"2025-08-25T16:34:26","modified_gmt":"2025-08-25T14:34:26","slug":"cycle-secouage-de-neurones","status":"publish","type":"post","link":"https:\/\/larucheindustrielle.fr\/fr\/cycle-secouage-de-neurones\/","title":{"rendered":"Secouage de neurones : La Ruche lance son cycle de conf\u00e9rences pour bousculer les certitudes"},"content":{"rendered":"<p>[et_pb_section fb_built=\u00a0\u00bb1&Prime; fullwidth=\u00a0\u00bbon\u00a0\u00bb _builder_version=\u00a0\u00bb4.27.4&Prime; _module_preset=\u00a0\u00bbdefault\u00a0\u00bb da_disable_devices=\u00a0\u00bboff|off|off\u00a0\u00bb global_colors_info=\u00a0\u00bb{}\u00a0\u00bb da_is_popup=\u00a0\u00bboff\u00a0\u00bb da_exit_intent=\u00a0\u00bboff\u00a0\u00bb da_has_close=\u00a0\u00bbon\u00a0\u00bb da_alt_close=\u00a0\u00bboff\u00a0\u00bb da_dark_close=\u00a0\u00bboff\u00a0\u00bb da_not_modal=\u00a0\u00bbon\u00a0\u00bb da_is_singular=\u00a0\u00bboff\u00a0\u00bb da_with_loader=\u00a0\u00bboff\u00a0\u00bb da_has_shadow=\u00a0\u00bbon\u00a0\u00bb][et_pb_fullwidth_post_title author=\u00a0\u00bboff\u00a0\u00bb date_format=\u00a0\u00bbj M Y\u00a0\u00bb comments=\u00a0\u00bboff\u00a0\u00bb _builder_version=\u00a0\u00bb4.27.4&Prime; _module_preset=\u00a0\u00bbdefault\u00a0\u00bb global_colors_info=\u00a0\u00bb{}\u00a0\u00bb][\/et_pb_fullwidth_post_title][\/et_pb_section][et_pb_section fb_built=\u00a0\u00bb1&Prime; _builder_version=\u00a0\u00bb4.22.2&Prime; da_disable_devices=\u00a0\u00bboff|off|off\u00a0\u00bb global_colors_info=\u00a0\u00bb{}\u00a0\u00bb da_is_popup=\u00a0\u00bboff\u00a0\u00bb da_exit_intent=\u00a0\u00bboff\u00a0\u00bb da_has_close=\u00a0\u00bbon\u00a0\u00bb da_alt_close=\u00a0\u00bboff\u00a0\u00bb da_dark_close=\u00a0\u00bboff\u00a0\u00bb da_not_modal=\u00a0\u00bbon\u00a0\u00bb da_is_singular=\u00a0\u00bboff\u00a0\u00bb da_with_loader=\u00a0\u00bboff\u00a0\u00bb da_has_shadow=\u00a0\u00bbon\u00a0\u00bb][et_pb_row use_custom_gutter=\u00a0\u00bbon\u00a0\u00bb gutter_width=\u00a0\u00bb1&Prime; _builder_version=\u00a0\u00bb4.27.4&Prime; background_size=\u00a0\u00bbinitial\u00a0\u00bb background_position=\u00a0\u00bbtop_left\u00a0\u00bb background_repeat=\u00a0\u00bbrepeat\u00a0\u00bb global_colors_info=\u00a0\u00bb{}\u00a0\u00bb][et_pb_column type=\u00a0\u00bb4_4&Prime; _builder_version=\u00a0\u00bb4.16&Prime; custom_padding=\u00a0\u00bb|||\u00a0\u00bb global_colors_info=\u00a0\u00bb{}\u00a0\u00bb custom_padding__hover=\u00a0\u00bb|||\u00a0\u00bb][et_pb_text _builder_version=\u00a0\u00bb4.27.4&Prime; background_size=\u00a0\u00bbinitial\u00a0\u00bb background_position=\u00a0\u00bbtop_left\u00a0\u00bb background_repeat=\u00a0\u00bbrepeat\u00a0\u00bb global_colors_info=\u00a0\u00bb{}\u00a0\u00bb]<\/p>\n<h5><b><span data-contrast=\"auto\">Climat, business et transformation collective : on d\u00e9marre fort avec Les Shifters<\/span><\/b><span data-ccp-props=\"{&quot;134233117&quot;:false,&quot;134233118&quot;:false,&quot;335559685&quot;:-630,&quot;335559738&quot;:240,&quot;335559739&quot;:240}\">\u00a0<\/span><\/h5>\n<p><i><span data-contrast=\"auto\">\u00ab\u00a0La Ruche est un camp de base. La transformation prend du temps. Chaque action, m\u00eame minime, compte, m\u00eame si certaines graines mettront des mois \u00e0 pousser. C\u2019est tout l\u2019esprit de notre nouveau cycle de conf\u00e9rences \u2018Secouage de neurones\u2019.\u00a0\u00bb<\/span><\/i><br \/><span data-contrast=\"auto\"> \u2014 <\/span><b><span data-contrast=\"auto\">Caroline Felix<\/span><\/b><span data-contrast=\"auto\">, en ouverture de la conf\u00e9rence<\/span><span data-ccp-props=\"{&quot;134233117&quot;:false,&quot;134233118&quot;:false,&quot;335559685&quot;:-630,&quot;335559738&quot;:240,&quot;335559739&quot;:240}\">\u00a0<\/span><\/p>\n<p>&nbsp;<\/p>\n<p><span data-ccp-props=\"{&quot;335559685&quot;:-630}\"> <img loading=\"lazy\" decoding=\"async\" class=\"wp-image-8532 size-large aligncenter\" src=\"https:\/\/larucheindustrielle.fr\/wp-content\/uploads\/2025\/06\/Capture-decran-2025-06-12-a-13.56.52-1024x596.png\" alt=\"Caroline Felix introduit les conf\u00e9rences &quot;secouage de neurones&quot;\" width=\"1024\" height=\"596\" srcset=\"https:\/\/larucheindustrielle.fr\/wp-content\/uploads\/2025\/06\/Capture-decran-2025-06-12-a-13.56.52-1024x596.png 1024w, https:\/\/larucheindustrielle.fr\/wp-content\/uploads\/2025\/06\/Capture-decran-2025-06-12-a-13.56.52-980x571.png 980w, https:\/\/larucheindustrielle.fr\/wp-content\/uploads\/2025\/06\/Capture-decran-2025-06-12-a-13.56.52-480x279.png 480w\" sizes=\"(min-width: 0px) and (max-width: 480px) 480px, (min-width: 481px) and (max-width: 980px) 980px, (min-width: 981px) 1024px, 100vw\" \/><\/span><\/p>\n<p><span data-contrast=\"auto\">Le ton est donn\u00e9 : \u00e0 La Ruche Industrielle, la transformation ne se d\u00e9cr\u00e8te pas, elle se construit. Et pour enclencher les prises de conscience n\u00e9cessaires, quoi de mieux qu\u2019un cycle de conf\u00e9rences pens\u00e9 pour <\/span><b><span data-contrast=\"auto\">remettre en question, interroger, faire \u00e9voluer ses fa\u00e7ons de penser<\/span><\/b><span data-contrast=\"auto\"> ?<\/span><span data-ccp-props=\"{&quot;134233117&quot;:false,&quot;134233118&quot;:false,&quot;335559685&quot;:-630,&quot;335559738&quot;:240,&quot;335559739&quot;:240}\">\u00a0<\/span><\/p>\n<p>&nbsp;<\/p>\n<h5 aria-level=\"3\"><b><span data-contrast=\"none\">\ud83d\udca5 Une premi\u00e8re conf\u00e9rence sur le th\u00e8me du changement climatique<\/span><\/b><span data-ccp-props=\"{&quot;134233117&quot;:false,&quot;134233118&quot;:false,&quot;134245418&quot;:true,&quot;134245529&quot;:true,&quot;335559685&quot;:-630,&quot;335559738&quot;:281,&quot;335559739&quot;:281}\">\u00a0<\/span><\/h5>\n<p><span data-contrast=\"auto\">Pour inaugurer ce cycle, La Ruche s\u2019est associ\u00e9e aux <\/span><b><span data-contrast=\"auto\">Shifters<\/span><\/b><span data-contrast=\"auto\">, l\u2019association citoyenne qui soutient les travaux du think tank <\/span><b><span data-contrast=\"auto\">The Shift Project<\/span><\/b><span data-contrast=\"auto\">, engag\u00e9 dans la transition vers une \u00e9conomie post-carbone.<\/span><span data-ccp-props=\"{&quot;134233117&quot;:false,&quot;134233118&quot;:false,&quot;335559685&quot;:-630,&quot;335559738&quot;:240,&quot;335559739&quot;:240}\">\u00a0<\/span><\/p>\n<p><span data-contrast=\"auto\">Le th\u00e8me de cette premi\u00e8re session :\u00a0 <\/span><b><span data-contrast=\"auto\">\u00ab\u00a0Le changement climatique va affecter votre carri\u00e8re ! D\u00e9couvrez pourquoi, et quel r\u00f4le vous pouvez jouer.\u00a0\u00bb<\/span><\/b><br \/><span data-contrast=\"auto\"> Une trentaine de personnes ont particip\u00e9 \u00e0 cette conf\u00e9rence-d\u00e9bat engag\u00e9e, sans langue de bois.<\/span><span data-ccp-props=\"{&quot;134233117&quot;:false,&quot;134233118&quot;:false,&quot;335559685&quot;:-630,&quot;335559738&quot;:240,&quot;335559739&quot;:240}\">\u00a0<\/span><\/p>\n<p>&nbsp;<\/p>\n<h5 aria-level=\"3\"><b><span data-contrast=\"none\">\ud83c\udf0d Climat et business : contradiction ou opportunit\u00e9 ?<\/span><\/b><span data-ccp-props=\"{&quot;134233117&quot;:false,&quot;134233118&quot;:false,&quot;134245418&quot;:true,&quot;134245529&quot;:true,&quot;335559685&quot;:-630,&quot;335559738&quot;:281,&quot;335559739&quot;:281}\">\u00a0<\/span><\/h5>\n<p><span data-contrast=\"auto\">Les intervenants \u2014 <\/span><b><span data-contrast=\"auto\">Dominique Hell<\/span><\/b><span data-contrast=\"auto\"> (KNDS, administrateur de La Ruche Industrielle et\u00a0 Shifter actif) et <\/span><b><span data-contrast=\"auto\">Lorris Amathieu<\/span><\/b><span data-contrast=\"auto\"> (consultant en transition \u00e9cologique, PACTIS-conseil et\u00a0 Shifter actif) \u2014 ont propos\u00e9 un d\u00e9codage clair des enjeux \u00e9nergie-climat pour les entreprises.<\/span><span data-ccp-props=\"{&quot;134233117&quot;:false,&quot;134233118&quot;:false,&quot;335559685&quot;:-630,&quot;335559738&quot;:240,&quot;335559739&quot;:240}\">\u00a0<\/span><\/p>\n<p><img loading=\"lazy\" decoding=\"async\" class=\"aligncenter wp-image-8534 size-medium\" src=\"https:\/\/larucheindustrielle.fr\/wp-content\/uploads\/2025\/06\/IMG_2522.jpg\" alt=\"Premi\u00e8re conf\u00e9rence &quot;secouage de neurones&quot;\" width=\"5712\" height=\"4284\" \/><\/p>\n<p><span data-contrast=\"auto\">\ud83d\udd39 Pourquoi le d\u00e9r\u00e8glement climatique est un enjeu strat\u00e9gique pour toutes les organisations, d\u00e8s aujourd\u2019hui<\/span><br \/><span data-contrast=\"auto\"> \ud83d\udd39 Comment analyser les strat\u00e9gies et les communications des entreprises \u00e0 l\u2019aune du climat<\/span><span data-ccp-props=\"{&quot;134233117&quot;:false,&quot;134233118&quot;:false,&quot;335559685&quot;:-630,&quot;335559738&quot;:240,&quot;335559739&quot;:240}\">\u00a0<\/span><\/p>\n<p><span data-contrast=\"auto\">\u00a0Et surtout : <\/span><b><span data-contrast=\"auto\">pourquoi la transition ne se fera pas sans les entreprises \u2014 ni sans leurs collaborateurs form\u00e9s et engag\u00e9s<\/span><\/b><span data-ccp-props=\"{&quot;134233117&quot;:false,&quot;134233118&quot;:false,&quot;335559685&quot;:-630,&quot;335559738&quot;:240,&quot;335559739&quot;:240}\">\u00a0<\/span><\/p>\n<p><span data-contrast=\"auto\">Un message fort : <\/span><b><span data-contrast=\"auto\">les mod\u00e8les d\u2019affaires les plus p\u00e9rennes sont ceux qui participeront \u00e0 limiter, voire inverser, les effets du changement climatique<\/span><\/b><span data-contrast=\"auto\">. Ce n\u2019est pas une option, mais une \u00e9vidence.<\/span><span data-ccp-props=\"{&quot;134233117&quot;:false,&quot;134233118&quot;:false,&quot;335559685&quot;:-630,&quot;335559738&quot;:240,&quot;335559739&quot;:240}\">\u00a0<\/span><\/p>\n<p>&nbsp;<\/p>\n<h5 aria-level=\"3\"><b><span data-contrast=\"none\">\ud83e\udde0 Faire \u00e9voluer les repr\u00e9sentations, pas seulement les comp\u00e9tences<\/span><\/b><span data-ccp-props=\"{&quot;134233117&quot;:false,&quot;134233118&quot;:false,&quot;134245418&quot;:true,&quot;134245529&quot;:true,&quot;335559685&quot;:-630,&quot;335559738&quot;:281,&quot;335559739&quot;:281}\">\u00a0<\/span><\/h5>\n<p><span data-contrast=\"auto\">Avec le cycle de conf\u00e9rences \u00ab\u00a0Secouage de neurones\u00a0\u00bb, La Ruche veut cr\u00e9er des espaces de friction constructive, o\u00f9 l\u2019on prend le temps de sortir des r\u00e9flexes du quotidien pour interroger en profondeur les transformations industrielles, sociales, \u00e9conomiques&#8230; et individuelles.<\/span><span data-ccp-props=\"{&quot;134233117&quot;:false,&quot;134233118&quot;:false,&quot;335559685&quot;:-630,&quot;335559738&quot;:240,&quot;335559739&quot;:240}\">\u00a0<\/span><\/p>\n<p><span data-contrast=\"auto\">Ce cycle de conf\u00e9rences vise \u00e0 nourrir les r\u00e9flexions, ouvrir des br\u00e8ches, poser des jalons. C\u2019est <\/span><b><span data-contrast=\"auto\">la coh\u00e9rence de fond avec notre mission : accompagner les mutations industrielles par l\u2019action collective sur trois piliers : performance, environnemental et humain\/organisations<\/span><\/b><span data-contrast=\"auto\">.<\/span><span data-ccp-props=\"{&quot;134233117&quot;:false,&quot;134233118&quot;:false,&quot;335559685&quot;:-630,&quot;335559738&quot;:240,&quot;335559739&quot;:240}\">\u00a0<\/span><\/p>\n<p>&nbsp;<\/p>\n<p><span data-contrast=\"auto\">Un grand <strong>merci aux intervenants<\/strong> passionn\u00e9s et passionnants <strong>et aux participants<\/strong> pour leur int\u00e9r\u00eat et leurs questions !<\/span><\/p>\n<p>&nbsp;<\/p>\n<p><img loading=\"lazy\" decoding=\"async\" class=\"alignnone wp-image-8546 size-full\" src=\"https:\/\/larucheindustrielle.fr\/wp-content\/uploads\/2025\/06\/Capture-decran-2025-06-12-a-14.05.34.png\" alt=\"\" width=\"2036\" height=\"1430\" srcset=\"https:\/\/larucheindustrielle.fr\/wp-content\/uploads\/2025\/06\/Capture-decran-2025-06-12-a-14.05.34.png 2036w, https:\/\/larucheindustrielle.fr\/wp-content\/uploads\/2025\/06\/Capture-decran-2025-06-12-a-14.05.34-300x211.png 300w\" sizes=\"(max-width: 2036px) 100vw, 2036px\" \/><\/p>\n<p>[\/et_pb_text][et_pb_text _builder_version=\u00a0\u00bb4.27.4&Prime; background_size=\u00a0\u00bbinitial\u00a0\u00bb background_position=\u00a0\u00bbtop_left\u00a0\u00bb background_repeat=\u00a0\u00bbrepeat\u00a0\u00bb custom_margin=\u00a0\u00bb20px||20px||false|false\u00a0\u00bb global_colors_info=\u00a0\u00bb{}\u00a0\u00bb]<span data-contrast=\"auto\">\ud83d\udc49 <\/span><b><span data-contrast=\"auto\">Pour aller plus loin :\u00a0<\/span><\/b><span data-ccp-props=\"{&quot;134233117&quot;:false,&quot;134233118&quot;:false,&quot;335559685&quot;:-630,&quot;335559738&quot;:240,&quot;335559739&quot;:240}\">\u00a0<\/span><\/p>\n<ul>\n<li data-leveltext=\"\uf0b7\" data-font=\"Symbol\" data-listid=\"4\" data-list-defn-props=\"{&quot;335552541&quot;:1,&quot;335559685&quot;:720,&quot;335559991&quot;:360,&quot;469769226&quot;:&quot;Symbol&quot;,&quot;469769242&quot;:[8226],&quot;469777803&quot;:&quot;left&quot;,&quot;469777804&quot;:&quot;\uf0b7&quot;,&quot;469777815&quot;:&quot;hybridMultilevel&quot;}\" aria-setsize=\"-1\" data-aria-posinset=\"1\" data-aria-level=\"1\"><b><span data-contrast=\"auto\">demander une conf\u00e9rence Shifters<\/span><\/b><span data-contrast=\"auto\"> sur le changement climatique via le <\/span><a href=\"https:\/\/coda.io\/form\/Demande-de-conference_d1MjYuJanKe\"><span data-contrast=\"none\">formulaire en ligne\u00a0<\/span><\/a><span data-ccp-props=\"{&quot;134233117&quot;:false,&quot;134233118&quot;:false,&quot;335559738&quot;:240,&quot;335559739&quot;:240}\">\u00a0<\/span><\/li>\n<\/ul>\n<ul>\n<li data-leveltext=\"\uf0b7\" data-font=\"Symbol\" data-listid=\"4\" data-list-defn-props=\"{&quot;335552541&quot;:1,&quot;335559685&quot;:720,&quot;335559991&quot;:360,&quot;469769226&quot;:&quot;Symbol&quot;,&quot;469769242&quot;:[8226],&quot;469777803&quot;:&quot;left&quot;,&quot;469777804&quot;:&quot;\uf0b7&quot;,&quot;469777815&quot;:&quot;hybridMultilevel&quot;}\" aria-setsize=\"-1\" data-aria-posinset=\"2\" data-aria-level=\"1\"><span data-contrast=\"auto\">Nous faire des <\/span><b><span data-contrast=\"auto\">propositions de suggestions d\u2019autres conf\u00e9rences<\/span><\/b><span data-contrast=\"auto\"> (tous les sujets seront \u00e9tudi\u00e9s !), vous pouvez nous en faire part <\/span><span data-contrast=\"none\">ici <a href=\"mailto:celine.brossard@larucheindustrielle.fr\">celine.brossard@larucheindustrielle.fr<\/a><\/span><\/li>\n<\/ul>\n<p>[\/et_pb_text][\/et_pb_column][\/et_pb_row][\/et_pb_section]<\/p>\n","protected":false},"excerpt":{"rendered":"<p>Le ton est donn\u00e9 : \u00e0 La Ruche Industrielle, la transformation ne se d\u00e9cr\u00e8te pas, elle se construit. Et pour enclencher les prises de conscience n\u00e9cessaires, quoi de mieux qu\u2019un cycle de conf\u00e9rences pens\u00e9 pour remettre en question, interroger, faire \u00e9voluer ses fa\u00e7ons de penser ? <\/p>\n","protected":false},"author":8,"featured_media":8532,"comment_status":"closed","ping_status":"closed","sticky":false,"template":"","format":"standard","meta":{"_acf_changed":false,"_et_pb_use_builder":"on","_et_pb_old_content":"","_et_gb_content_width":"","footnotes":""},"categories":[16,22],"tags":[],"class_list":["post-8528","post","type-post","status-publish","format-standard","has-post-thumbnail","hentry","category-conferences","category-industrie-durable"],"acf":[],"yoast_head":"<!-- This site is optimized with the Yoast SEO plugin v27.4 - https:\/\/yoast.com\/product\/yoast-seo-wordpress\/ -->\n<title>Secouage de neurones : La Ruche lance son cycle de conf\u00e9rences pour bousculer les certitudes<\/title>\n<meta name=\"description\" content=\"Le ton est donn\u00e9 : \u00e0 La Ruche Industrielle, la transformation ne se d\u00e9cr\u00e8te pas, elle se construit. Et pour enclencher les prises de conscience n\u00e9cessaires, quoi de mieux qu\u2019un cycle de conf\u00e9rences pens\u00e9 pour remettre en question, interroger, faire \u00e9voluer ses fa\u00e7ons de penser ?\" \/>\n<meta name=\"robots\" content=\"index, follow, max-snippet:-1, max-image-preview:large, max-video-preview:-1\" \/>\n<link rel=\"canonical\" href=\"https:\/\/larucheindustrielle.fr\/fr\/cycle-secouage-de-neurones\/\" \/>\n<meta property=\"og:locale\" content=\"fr_FR\" \/>\n<meta property=\"og:type\" content=\"article\" \/>\n<meta property=\"og:title\" content=\"Secouage de neurones : La Ruche lance son cycle de conf\u00e9rences pour bousculer les certitudes\" \/>\n<meta property=\"og:description\" content=\"Le ton est donn\u00e9 : \u00e0 La Ruche Industrielle, la transformation ne se d\u00e9cr\u00e8te pas, elle se construit. Et pour enclencher les prises de conscience n\u00e9cessaires, quoi de mieux qu\u2019un cycle de conf\u00e9rences pens\u00e9 pour remettre en question, interroger, faire \u00e9voluer ses fa\u00e7ons de penser ?\" \/>\n<meta property=\"og:url\" content=\"https:\/\/larucheindustrielle.fr\/fr\/cycle-secouage-de-neurones\/\" \/>\n<meta property=\"og:site_name\" content=\"La Ruche industrielle\" \/>\n<meta property=\"article:published_time\" content=\"2025-06-12T12:11:09+00:00\" \/>\n<meta property=\"article:modified_time\" content=\"2025-08-25T14:34:26+00:00\" \/>\n<meta property=\"og:image\" content=\"https:\/\/larucheindustrielle.fr\/wp-content\/uploads\/2025\/06\/Capture-decran-2025-06-12-a-13.56.52.png\" \/>\n\t<meta property=\"og:image:width\" content=\"1082\" \/>\n\t<meta property=\"og:image:height\" content=\"630\" \/>\n\t<meta property=\"og:image:type\" content=\"image\/png\" \/>\n<meta name=\"author\" content=\"Sabra Zenati\" \/>\n<meta name=\"twitter:card\" content=\"summary_large_image\" \/>\n<meta name=\"twitter:creator\" content=\"@LaRucheIndus\" \/>\n<meta name=\"twitter:site\" content=\"@LaRucheIndus\" \/>\n<meta name=\"twitter:label1\" content=\"\u00c9crit par\" \/>\n\t<meta name=\"twitter:data1\" content=\"Sabra Zenati\" \/>\n\t<meta name=\"twitter:label2\" content=\"Dur\u00e9e de lecture estim\u00e9e\" \/>\n\t<meta name=\"twitter:data2\" content=\"4 minutes\" \/>\n<script type=\"application\/ld+json\" class=\"yoast-schema-graph\">{\"@context\":\"https:\\\/\\\/schema.org\",\"@graph\":[{\"@type\":\"Article\",\"@id\":\"https:\\\/\\\/larucheindustrielle.fr\\\/fr\\\/cycle-secouage-de-neurones\\\/#article\",\"isPartOf\":{\"@id\":\"https:\\\/\\\/larucheindustrielle.fr\\\/fr\\\/cycle-secouage-de-neurones\\\/\"},\"author\":{\"name\":\"Sabra Zenati\",\"@id\":\"https:\\\/\\\/larucheindustrielle.fr\\\/fr\\\/#\\\/schema\\\/person\\\/92f6f493ed129fd830988febaf83c1b4\"},\"headline\":\"Secouage de neurones : La Ruche lance son cycle de conf\u00e9rences pour bousculer les certitudes\",\"datePublished\":\"2025-06-12T12:11:09+00:00\",\"dateModified\":\"2025-08-25T14:34:26+00:00\",\"mainEntityOfPage\":{\"@id\":\"https:\\\/\\\/larucheindustrielle.fr\\\/fr\\\/cycle-secouage-de-neurones\\\/\"},\"wordCount\":743,\"publisher\":{\"@id\":\"https:\\\/\\\/larucheindustrielle.fr\\\/fr\\\/#organization\"},\"image\":{\"@id\":\"https:\\\/\\\/larucheindustrielle.fr\\\/fr\\\/cycle-secouage-de-neurones\\\/#primaryimage\"},\"thumbnailUrl\":\"https:\\\/\\\/larucheindustrielle.fr\\\/wp-content\\\/uploads\\\/2025\\\/06\\\/Capture-decran-2025-06-12-a-13.56.52.png\",\"articleSection\":[\"Conf\u00e9rences\",\"Industrie durable\"],\"inLanguage\":\"fr-FR\"},{\"@type\":\"WebPage\",\"@id\":\"https:\\\/\\\/larucheindustrielle.fr\\\/fr\\\/cycle-secouage-de-neurones\\\/\",\"url\":\"https:\\\/\\\/larucheindustrielle.fr\\\/fr\\\/cycle-secouage-de-neurones\\\/\",\"name\":\"Secouage de neurones : La Ruche lance son cycle de conf\u00e9rences pour bousculer les certitudes\",\"isPartOf\":{\"@id\":\"https:\\\/\\\/larucheindustrielle.fr\\\/fr\\\/#website\"},\"primaryImageOfPage\":{\"@id\":\"https:\\\/\\\/larucheindustrielle.fr\\\/fr\\\/cycle-secouage-de-neurones\\\/#primaryimage\"},\"image\":{\"@id\":\"https:\\\/\\\/larucheindustrielle.fr\\\/fr\\\/cycle-secouage-de-neurones\\\/#primaryimage\"},\"thumbnailUrl\":\"https:\\\/\\\/larucheindustrielle.fr\\\/wp-content\\\/uploads\\\/2025\\\/06\\\/Capture-decran-2025-06-12-a-13.56.52.png\",\"datePublished\":\"2025-06-12T12:11:09+00:00\",\"dateModified\":\"2025-08-25T14:34:26+00:00\",\"description\":\"Le ton est donn\u00e9 : \u00e0 La Ruche Industrielle, la transformation ne se d\u00e9cr\u00e8te pas, elle se construit. Et pour enclencher les prises de conscience n\u00e9cessaires, quoi de mieux qu\u2019un cycle de conf\u00e9rences pens\u00e9 pour remettre en question, interroger, faire \u00e9voluer ses fa\u00e7ons de penser ?\",\"inLanguage\":\"fr-FR\",\"potentialAction\":[{\"@type\":\"ReadAction\",\"target\":[\"https:\\\/\\\/larucheindustrielle.fr\\\/fr\\\/cycle-secouage-de-neurones\\\/\"]}]},{\"@type\":\"ImageObject\",\"inLanguage\":\"fr-FR\",\"@id\":\"https:\\\/\\\/larucheindustrielle.fr\\\/fr\\\/cycle-secouage-de-neurones\\\/#primaryimage\",\"url\":\"https:\\\/\\\/larucheindustrielle.fr\\\/wp-content\\\/uploads\\\/2025\\\/06\\\/Capture-decran-2025-06-12-a-13.56.52.png\",\"contentUrl\":\"https:\\\/\\\/larucheindustrielle.fr\\\/wp-content\\\/uploads\\\/2025\\\/06\\\/Capture-decran-2025-06-12-a-13.56.52.png\",\"width\":1082,\"height\":630},{\"@type\":\"WebSite\",\"@id\":\"https:\\\/\\\/larucheindustrielle.fr\\\/fr\\\/#website\",\"url\":\"https:\\\/\\\/larucheindustrielle.fr\\\/fr\\\/\",\"name\":\"La Ruche industrielle\",\"description\":\"Ici, on construit ensemble l&#039;industrie du futur !\",\"publisher\":{\"@id\":\"https:\\\/\\\/larucheindustrielle.fr\\\/fr\\\/#organization\"},\"potentialAction\":[{\"@type\":\"SearchAction\",\"target\":{\"@type\":\"EntryPoint\",\"urlTemplate\":\"https:\\\/\\\/larucheindustrielle.fr\\\/fr\\\/?s={search_term_string}\"},\"query-input\":{\"@type\":\"PropertyValueSpecification\",\"valueRequired\":true,\"valueName\":\"search_term_string\"}}],\"inLanguage\":\"fr-FR\"},{\"@type\":\"Organization\",\"@id\":\"https:\\\/\\\/larucheindustrielle.fr\\\/fr\\\/#organization\",\"name\":\"La Ruche industrielle\",\"url\":\"https:\\\/\\\/larucheindustrielle.fr\\\/fr\\\/\",\"logo\":{\"@type\":\"ImageObject\",\"inLanguage\":\"fr-FR\",\"@id\":\"https:\\\/\\\/larucheindustrielle.fr\\\/fr\\\/#\\\/schema\\\/logo\\\/image\\\/\",\"url\":\"https:\\\/\\\/larucheindustrielle.fr\\\/wp-content\\\/uploads\\\/2023\\\/06\\\/Home-page-Logo-la-ruche-en-bois.jpg\",\"contentUrl\":\"https:\\\/\\\/larucheindustrielle.fr\\\/wp-content\\\/uploads\\\/2023\\\/06\\\/Home-page-Logo-la-ruche-en-bois.jpg\",\"width\":1280,\"height\":853,\"caption\":\"La Ruche industrielle\"},\"image\":{\"@id\":\"https:\\\/\\\/larucheindustrielle.fr\\\/fr\\\/#\\\/schema\\\/logo\\\/image\\\/\"},\"sameAs\":[\"https:\\\/\\\/x.com\\\/LaRucheIndus\",\"https:\\\/\\\/fr.linkedin.com\\\/company\\\/la-ruche-industrielle\",\"https:\\\/\\\/www.youtube.com\\\/@larucheindustrielle932\",\"https:\\\/\\\/www.instagram.com\\\/larucheindustrielle\\\/\"]},{\"@type\":\"Person\",\"@id\":\"https:\\\/\\\/larucheindustrielle.fr\\\/fr\\\/#\\\/schema\\\/person\\\/92f6f493ed129fd830988febaf83c1b4\",\"name\":\"Sabra Zenati\",\"image\":{\"@type\":\"ImageObject\",\"inLanguage\":\"fr-FR\",\"@id\":\"https:\\\/\\\/secure.gravatar.com\\\/avatar\\\/1ef9dd923991cce122f416aa3596dccf38612dea15ba14ffcdce44a101f9fd45?s=96&d=mm&r=g\",\"url\":\"https:\\\/\\\/secure.gravatar.com\\\/avatar\\\/1ef9dd923991cce122f416aa3596dccf38612dea15ba14ffcdce44a101f9fd45?s=96&d=mm&r=g\",\"contentUrl\":\"https:\\\/\\\/secure.gravatar.com\\\/avatar\\\/1ef9dd923991cce122f416aa3596dccf38612dea15ba14ffcdce44a101f9fd45?s=96&d=mm&r=g\",\"caption\":\"Sabra Zenati\"},\"url\":\"https:\\\/\\\/larucheindustrielle.fr\\\/fr\\\/author\\\/sabra\\\/\"}]}<\/script>\n<!-- \/ Yoast SEO plugin. -->","yoast_head_json":{"title":"Secouage de neurones : La Ruche lance son cycle de conf\u00e9rences pour bousculer les certitudes","description":"Le ton est donn\u00e9 : \u00e0 La Ruche Industrielle, la transformation ne se d\u00e9cr\u00e8te pas, elle se construit. Et pour enclencher les prises de conscience n\u00e9cessaires, quoi de mieux qu\u2019un cycle de conf\u00e9rences pens\u00e9 pour remettre en question, interroger, faire \u00e9voluer ses fa\u00e7ons de penser ?","robots":{"index":"index","follow":"follow","max-snippet":"max-snippet:-1","max-image-preview":"max-image-preview:large","max-video-preview":"max-video-preview:-1"},"canonical":"https:\/\/larucheindustrielle.fr\/fr\/cycle-secouage-de-neurones\/","og_locale":"fr_FR","og_type":"article","og_title":"Secouage de neurones : La Ruche lance son cycle de conf\u00e9rences pour bousculer les certitudes","og_description":"Le ton est donn\u00e9 : \u00e0 La Ruche Industrielle, la transformation ne se d\u00e9cr\u00e8te pas, elle se construit. Et pour enclencher les prises de conscience n\u00e9cessaires, quoi de mieux qu\u2019un cycle de conf\u00e9rences pens\u00e9 pour remettre en question, interroger, faire \u00e9voluer ses fa\u00e7ons de penser ?","og_url":"https:\/\/larucheindustrielle.fr\/fr\/cycle-secouage-de-neurones\/","og_site_name":"La Ruche industrielle","article_published_time":"2025-06-12T12:11:09+00:00","article_modified_time":"2025-08-25T14:34:26+00:00","og_image":[{"width":1082,"height":630,"url":"https:\/\/larucheindustrielle.fr\/wp-content\/uploads\/2025\/06\/Capture-decran-2025-06-12-a-13.56.52.png","type":"image\/png"}],"author":"Sabra Zenati","twitter_card":"summary_large_image","twitter_creator":"@LaRucheIndus","twitter_site":"@LaRucheIndus","twitter_misc":{"\u00c9crit par":"Sabra Zenati","Dur\u00e9e de lecture estim\u00e9e":"4 minutes"},"schema":{"@context":"https:\/\/schema.org","@graph":[{"@type":"Article","@id":"https:\/\/larucheindustrielle.fr\/fr\/cycle-secouage-de-neurones\/#article","isPartOf":{"@id":"https:\/\/larucheindustrielle.fr\/fr\/cycle-secouage-de-neurones\/"},"author":{"name":"Sabra Zenati","@id":"https:\/\/larucheindustrielle.fr\/fr\/#\/schema\/person\/92f6f493ed129fd830988febaf83c1b4"},"headline":"Secouage de neurones : La Ruche lance son cycle de conf\u00e9rences pour bousculer les certitudes","datePublished":"2025-06-12T12:11:09+00:00","dateModified":"2025-08-25T14:34:26+00:00","mainEntityOfPage":{"@id":"https:\/\/larucheindustrielle.fr\/fr\/cycle-secouage-de-neurones\/"},"wordCount":743,"publisher":{"@id":"https:\/\/larucheindustrielle.fr\/fr\/#organization"},"image":{"@id":"https:\/\/larucheindustrielle.fr\/fr\/cycle-secouage-de-neurones\/#primaryimage"},"thumbnailUrl":"https:\/\/larucheindustrielle.fr\/wp-content\/uploads\/2025\/06\/Capture-decran-2025-06-12-a-13.56.52.png","articleSection":["Conf\u00e9rences","Industrie durable"],"inLanguage":"fr-FR"},{"@type":"WebPage","@id":"https:\/\/larucheindustrielle.fr\/fr\/cycle-secouage-de-neurones\/","url":"https:\/\/larucheindustrielle.fr\/fr\/cycle-secouage-de-neurones\/","name":"Secouage de neurones : La Ruche lance son cycle de conf\u00e9rences pour bousculer les certitudes","isPartOf":{"@id":"https:\/\/larucheindustrielle.fr\/fr\/#website"},"primaryImageOfPage":{"@id":"https:\/\/larucheindustrielle.fr\/fr\/cycle-secouage-de-neurones\/#primaryimage"},"image":{"@id":"https:\/\/larucheindustrielle.fr\/fr\/cycle-secouage-de-neurones\/#primaryimage"},"thumbnailUrl":"https:\/\/larucheindustrielle.fr\/wp-content\/uploads\/2025\/06\/Capture-decran-2025-06-12-a-13.56.52.png","datePublished":"2025-06-12T12:11:09+00:00","dateModified":"2025-08-25T14:34:26+00:00","description":"Le ton est donn\u00e9 : \u00e0 La Ruche Industrielle, la transformation ne se d\u00e9cr\u00e8te pas, elle se construit. Et pour enclencher les prises de conscience n\u00e9cessaires, quoi de mieux qu\u2019un cycle de conf\u00e9rences pens\u00e9 pour remettre en question, interroger, faire \u00e9voluer ses fa\u00e7ons de penser ?","inLanguage":"fr-FR","potentialAction":[{"@type":"ReadAction","target":["https:\/\/larucheindustrielle.fr\/fr\/cycle-secouage-de-neurones\/"]}]},{"@type":"ImageObject","inLanguage":"fr-FR","@id":"https:\/\/larucheindustrielle.fr\/fr\/cycle-secouage-de-neurones\/#primaryimage","url":"https:\/\/larucheindustrielle.fr\/wp-content\/uploads\/2025\/06\/Capture-decran-2025-06-12-a-13.56.52.png","contentUrl":"https:\/\/larucheindustrielle.fr\/wp-content\/uploads\/2025\/06\/Capture-decran-2025-06-12-a-13.56.52.png","width":1082,"height":630},{"@type":"WebSite","@id":"https:\/\/larucheindustrielle.fr\/fr\/#website","url":"https:\/\/larucheindustrielle.fr\/fr\/","name":"La Ruche industrielle","description":"Ici, on construit ensemble l&#039;industrie du futur !","publisher":{"@id":"https:\/\/larucheindustrielle.fr\/fr\/#organization"},"potentialAction":[{"@type":"SearchAction","target":{"@type":"EntryPoint","urlTemplate":"https:\/\/larucheindustrielle.fr\/fr\/?s={search_term_string}"},"query-input":{"@type":"PropertyValueSpecification","valueRequired":true,"valueName":"search_term_string"}}],"inLanguage":"fr-FR"},{"@type":"Organization","@id":"https:\/\/larucheindustrielle.fr\/fr\/#organization","name":"La Ruche industrielle","url":"https:\/\/larucheindustrielle.fr\/fr\/","logo":{"@type":"ImageObject","inLanguage":"fr-FR","@id":"https:\/\/larucheindustrielle.fr\/fr\/#\/schema\/logo\/image\/","url":"https:\/\/larucheindustrielle.fr\/wp-content\/uploads\/2023\/06\/Home-page-Logo-la-ruche-en-bois.jpg","contentUrl":"https:\/\/larucheindustrielle.fr\/wp-content\/uploads\/2023\/06\/Home-page-Logo-la-ruche-en-bois.jpg","width":1280,"height":853,"caption":"La Ruche industrielle"},"image":{"@id":"https:\/\/larucheindustrielle.fr\/fr\/#\/schema\/logo\/image\/"},"sameAs":["https:\/\/x.com\/LaRucheIndus","https:\/\/fr.linkedin.com\/company\/la-ruche-industrielle","https:\/\/www.youtube.com\/@larucheindustrielle932","https:\/\/www.instagram.com\/larucheindustrielle\/"]},{"@type":"Person","@id":"https:\/\/larucheindustrielle.fr\/fr\/#\/schema\/person\/92f6f493ed129fd830988febaf83c1b4","name":"Sabra Zenati","image":{"@type":"ImageObject","inLanguage":"fr-FR","@id":"https:\/\/secure.gravatar.com\/avatar\/1ef9dd923991cce122f416aa3596dccf38612dea15ba14ffcdce44a101f9fd45?s=96&d=mm&r=g","url":"https:\/\/secure.gravatar.com\/avatar\/1ef9dd923991cce122f416aa3596dccf38612dea15ba14ffcdce44a101f9fd45?s=96&d=mm&r=g","contentUrl":"https:\/\/secure.gravatar.com\/avatar\/1ef9dd923991cce122f416aa3596dccf38612dea15ba14ffcdce44a101f9fd45?s=96&d=mm&r=g","caption":"Sabra Zenati"},"url":"https:\/\/larucheindustrielle.fr\/fr\/author\/sabra\/"}]}},"publishpress_future_workflow_manual_trigger":{"enabledWorkflows":[]},"_links":{"self":[{"href":"https:\/\/larucheindustrielle.fr\/fr\/wp-json\/wp\/v2\/posts\/8528","targetHints":{"allow":["GET"]}}],"collection":[{"href":"https:\/\/larucheindustrielle.fr\/fr\/wp-json\/wp\/v2\/posts"}],"about":[{"href":"https:\/\/larucheindustrielle.fr\/fr\/wp-json\/wp\/v2\/types\/post"}],"author":[{"embeddable":true,"href":"https:\/\/larucheindustrielle.fr\/fr\/wp-json\/wp\/v2\/users\/8"}],"replies":[{"embeddable":true,"href":"https:\/\/larucheindustrielle.fr\/fr\/wp-json\/wp\/v2\/comments?post=8528"}],"version-history":[{"count":0,"href":"https:\/\/larucheindustrielle.fr\/fr\/wp-json\/wp\/v2\/posts\/8528\/revisions"}],"wp:featuredmedia":[{"embeddable":true,"href":"https:\/\/larucheindustrielle.fr\/fr\/wp-json\/wp\/v2\/media\/8532"}],"wp:attachment":[{"href":"https:\/\/larucheindustrielle.fr\/fr\/wp-json\/wp\/v2\/media?parent=8528"}],"wp:term":[{"taxonomy":"category","embeddable":true,"href":"https:\/\/larucheindustrielle.fr\/fr\/wp-json\/wp\/v2\/categories?post=8528"},{"taxonomy":"post_tag","embeddable":true,"href":"https:\/\/larucheindustrielle.fr\/fr\/wp-json\/wp\/v2\/tags?post=8528"}],"curies":[{"name":"wp","href":"https:\/\/api.w.org\/{rel}","templated":true}]}}