{"id":8830,"date":"2025-08-27T16:39:14","date_gmt":"2025-08-27T14:39:14","guid":{"rendered":"https:\/\/larucheindustrielle.fr\/?p=8830"},"modified":"2025-08-29T11:08:38","modified_gmt":"2025-08-29T09:08:38","slug":"a-la-ruche-l-industrie-comme-vous-ne-l-avez-jamais-vue","status":"publish","type":"post","link":"https:\/\/larucheindustrielle.fr\/fr\/a-la-ruche-l-industrie-comme-vous-ne-l-avez-jamais-vue\/","title":{"rendered":"A La Ruche, l\u2019industrie comme vous ne l\u2019avez jamais vue"},"content":{"rendered":"<p>[et_pb_section fb_built=\u00a0\u00bb1&Prime; fullwidth=\u00a0\u00bbon\u00a0\u00bb _builder_version=\u00a0\u00bb4.21.0&Prime; _module_preset=\u00a0\u00bbdefault\u00a0\u00bb da_disable_devices=\u00a0\u00bboff|off|off\u00a0\u00bb global_colors_info=\u00a0\u00bb{}\u00a0\u00bb da_is_popup=\u00a0\u00bboff\u00a0\u00bb da_exit_intent=\u00a0\u00bboff\u00a0\u00bb da_has_close=\u00a0\u00bbon\u00a0\u00bb da_alt_close=\u00a0\u00bboff\u00a0\u00bb da_dark_close=\u00a0\u00bboff\u00a0\u00bb da_not_modal=\u00a0\u00bbon\u00a0\u00bb da_is_singular=\u00a0\u00bboff\u00a0\u00bb da_with_loader=\u00a0\u00bboff\u00a0\u00bb da_has_shadow=\u00a0\u00bbon\u00a0\u00bb][et_pb_fullwidth_post_title author=\u00a0\u00bboff\u00a0\u00bb date_format=\u00a0\u00bbj M Y\u00a0\u00bb comments=\u00a0\u00bboff\u00a0\u00bb _builder_version=\u00a0\u00bb4.21.0&Prime; _module_preset=\u00a0\u00bbdefault\u00a0\u00bb global_colors_info=\u00a0\u00bb{}\u00a0\u00bb][\/et_pb_fullwidth_post_title][\/et_pb_section][et_pb_section fb_built=\u00a0\u00bb1&Prime; _builder_version=\u00a0\u00bb4.22.2&Prime; da_disable_devices=\u00a0\u00bboff|off|off\u00a0\u00bb global_colors_info=\u00a0\u00bb{}\u00a0\u00bb da_is_popup=\u00a0\u00bboff\u00a0\u00bb da_exit_intent=\u00a0\u00bboff\u00a0\u00bb da_has_close=\u00a0\u00bbon\u00a0\u00bb da_alt_close=\u00a0\u00bboff\u00a0\u00bb da_dark_close=\u00a0\u00bboff\u00a0\u00bb da_not_modal=\u00a0\u00bbon\u00a0\u00bb da_is_singular=\u00a0\u00bboff\u00a0\u00bb da_with_loader=\u00a0\u00bboff\u00a0\u00bb da_has_shadow=\u00a0\u00bbon\u00a0\u00bb][et_pb_row use_custom_gutter=\u00a0\u00bbon\u00a0\u00bb gutter_width=\u00a0\u00bb1&Prime; _builder_version=\u00a0\u00bb4.21.0&Prime; background_size=\u00a0\u00bbinitial\u00a0\u00bb background_position=\u00a0\u00bbtop_left\u00a0\u00bb background_repeat=\u00a0\u00bbrepeat\u00a0\u00bb global_colors_info=\u00a0\u00bb{}\u00a0\u00bb][et_pb_column type=\u00a0\u00bb4_4&Prime; _builder_version=\u00a0\u00bb4.16&Prime; custom_padding=\u00a0\u00bb|||\u00a0\u00bb global_colors_info=\u00a0\u00bb{}\u00a0\u00bb custom_padding__hover=\u00a0\u00bb|||\u00a0\u00bb][et_pb_text _builder_version=\u00a0\u00bb4.27.4&Prime; background_size=\u00a0\u00bbinitial\u00a0\u00bb background_position=\u00a0\u00bbtop_left\u00a0\u00bb background_repeat=\u00a0\u00bbrepeat\u00a0\u00bb global_colors_info=\u00a0\u00bb{}\u00a0\u00bb]<\/p>\n<h3 data-start=\"228\" data-end=\"294\">Et si l\u2019industrie devenait collaborative, ouverte et inspirante ?<\/h3>\n<p data-start=\"636\" data-end=\"860\"><strong>C\u2019est le pari relev\u00e9 par La Ruche industrielle, mise \u00e0 l\u2019honneur dans la s\u00e9rie <em data-start=\"791\" data-end=\"817\">Territoires en questions<\/em>, r\u00e9alis\u00e9e par la Banque des Territoires.<\/strong><\/p>\n<p data-start=\"862\" data-end=\"1159\"><strong>Dans ce troisi\u00e8me \u00e9pisode, le public est invit\u00e9 \u00e0 d\u00e9couvrir un lieu hors du commun, install\u00e9 sur l\u2019ancien site Bosch de V\u00e9nissieux. Plus que des espaces de travail, La Ruche industrielle, c&rsquo;est 1 300 m\u00b2, o\u00f9 se rencontrent industriels, chercheurs, consultants et\u00a0 \u00e9tudiants.<\/strong><\/p>\n<p data-start=\"862\" data-end=\"1159\">\n<h3 data-start=\"684\" data-end=\"737\">Un projet collectif pour transformer l\u2019industrie<\/h3>\n<p data-start=\"738\" data-end=\"1007\">La Ruche industrielle est n\u00e9e de la volont\u00e9 d\u2019un collectif d\u2019industriels, \u00e0 l&rsquo;image de Bosch Rexroth et Renault Trucks\/Volvo par exemple, rejoints par d\u2019autres entreprises de la r\u00e9gion. Leur ambition : <strong data-start=\"911\" data-end=\"955\">acc\u00e9l\u00e9rer la transformation industrielle<\/strong> et inventer de nouveaux mod\u00e8les de collaboration.<\/p>\n<p data-start=\"1009\" data-end=\"1222\">Gr\u00e2ce au soutien du <strong data-start=\"1029\" data-end=\"1068\">Programme d\u2019Investissement d\u2019Avenir<\/strong> et de la <strong data-start=\"1078\" data-end=\"1104\">Banque des Territoires<\/strong>, le projet a b\u00e9n\u00e9fici\u00e9 d\u2019un financement de <strong data-start=\"1148\" data-end=\"1161\">358 000 \u20ac<\/strong>. Cet appui a permis de donner vie \u00e0 un lieu qui favorise :<\/p>\n<ul data-start=\"1223\" data-end=\"1413\">\n<li data-start=\"1223\" data-end=\"1271\">\n<p data-start=\"1225\" data-end=\"1271\">la mutualisation d\u2019expertises, d&rsquo;espaces et de ressources,<\/p>\n<\/li>\n<li data-start=\"1272\" data-end=\"1340\">\n<p data-start=\"1274\" data-end=\"1340\">l\u2019\u00e9mergence de projets inter-entreprises,<\/p>\n<\/li>\n<li data-start=\"1341\" data-end=\"1413\">\n<p data-start=\"1343\" data-end=\"1413\">la m\u00e9diation et la d\u00e9couverte de l\u2019industrie aupr\u00e8s du grand public.<\/p>\n<\/li>\n<\/ul>\n<p>&nbsp;<\/p>\n<h3>Une industrie ouverte sur son territoire<\/h3>\n<p data-start=\"1466\" data-end=\"1666\">La Ruche industrielle ne s\u2019adresse pas seulement aux entreprises : elle ouvre ses portes aux <strong data-start=\"1559\" data-end=\"1595\">\u00e9coles, associations et citoyens<\/strong> pour changer le regard sur l\u2019industrie et la rendre plus accessible lors d&rsquo;\u00e9v\u00e8nements sp\u00e9cifiques :<\/p>\n<ul>\n<li data-start=\"1466\" data-end=\"1666\">table-ronde sur l&rsquo;inclusion en octobre,<\/li>\n<li>forum des m\u00e9tiers en novembre&#8230;<\/li>\n<\/ul>\n<p data-start=\"1668\" data-end=\"1849\">C\u2019est ce double r\u00f4le \u2013 <strong data-start=\"1691\" data-end=\"1756\">acc\u00e9l\u00e9rateur d\u2019innovation et m\u00e9diateur aupr\u00e8s du grand public<\/strong> \u2013 qui fait aujourd\u2019hui de La Ruche un lieu embl\u00e9matique de la r\u00e9gion Auvergne Rh\u00f4ne-Alpes.<\/p>\n<p>&nbsp;<\/p>\n<h3>D\u00e9couvrez l\u2019\u00e9pisode vid\u00e9o<\/h3>\n<p data-start=\"1890\" data-end=\"2039\">Plut\u00f4t que de longs discours, plongez directement dans l\u2019univers de La Ruche Industrielle avec cet \u00e9pisode de la s\u00e9rie <em data-start=\"2009\" data-end=\"2035\">Territoires en questions<\/em> :<\/p>\n<p>[\/et_pb_text][et_pb_video src=\u00a0\u00bbhttps:\/\/youtu.be\/yfpz9J7pesw\u00a0\u00bb _builder_version=\u00a0\u00bb4.27.4&Prime; _module_preset=\u00a0\u00bbdefault\u00a0\u00bb hover_enabled=\u00a0\u00bb0&Prime; global_colors_info=\u00a0\u00bb{}\u00a0\u00bb sticky_enabled=\u00a0\u00bb0&Prime;][\/et_pb_video][et_pb_text _builder_version=\u00a0\u00bb4.27.4&Prime; background_size=\u00a0\u00bbinitial\u00a0\u00bb background_position=\u00a0\u00bbtop_left\u00a0\u00bb background_repeat=\u00a0\u00bbrepeat\u00a0\u00bb custom_margin=\u00a0\u00bb20px||20px||false|false\u00a0\u00bb global_colors_info=\u00a0\u00bb{}\u00a0\u00bb]<\/p>\n<h3 data-start=\"2313\" data-end=\"2335\">\u00a0<\/h3>\n<h3 data-start=\"2313\" data-end=\"2335\">\ud83d\udccc Chiffres cl\u00e9s<\/h3>\n<ul data-start=\"2336\" data-end=\"2536\">\n<li data-start=\"2336\" data-end=\"2376\">\n<p data-start=\"2338\" data-end=\"2376\"><strong data-start=\"2338\" data-end=\"2350\">1 300 m\u00b2<\/strong> d\u2019espaces collaboratifs<\/p>\n<\/li>\n<li data-start=\"2377\" data-end=\"2444\">\n<p data-start=\"2379\" data-end=\"2444\"><strong data-start=\"2379\" data-end=\"2392\">358 000 \u20ac<\/strong> de soutien du PIA et de la Banque des Territoires<\/p>\n<\/li>\n<li data-start=\"2445\" data-end=\"2536\">\n<p data-start=\"2447\" data-end=\"2536\"><strong data-start=\"2447\" data-end=\"2490\">1 collectif de 18 entreprises industrielles et d&rsquo;\u00e9coles<\/strong> r\u00e9unies pour construire l\u2019industrie de demain<\/p>\n<\/li>\n<\/ul>\n<p>&nbsp;<\/p>\n<p><strong data-start=\"2543\" data-end=\"2663\">La Ruche industrielle, c\u2019est l\u2019industrie comme vous ne l\u2019avez jamais vue : collaborative, vivante et ouverte \u00e0 tous.<\/strong><\/p>\n<p><strong>Merci \u00e0 la Banque des Territoires pour cette mise en avant.<\/strong><\/p>\n<p>&nbsp;<\/p>\n<h2><strong>Pour en savoir plus<\/strong><\/h2>\n<ul>\n<li><a href=\"https:\/\/larucheindustrielle.fr\/fr\/evenements\/\" target=\"_blank\" rel=\"noopener\">Consultez notre agenda<\/a><\/li>\n<li><a href=\"https:\/\/larucheindustrielle.fr\/fr\/projets-2025\/\" target=\"_blank\" rel=\"noopener\">Prenez connaissance des projets 2025<\/a><\/li>\n<li><a href=\"https:\/\/larucheindustrielle.fr\/fr\/devenir-membre\/\" target=\"_blank\" rel=\"noopener\">Devenez membre<\/a><\/li>\n<\/ul>\n<p>[\/et_pb_text][\/et_pb_column][\/et_pb_row][\/et_pb_section]<\/p>\n","protected":false},"excerpt":{"rendered":"<p>D\u00e9couvrez La Ruche industrielle : un collectif et des espaces collaboratifs de 1300 m\u00b2 soutenus par la Banque des Territoires.<\/p>\n","protected":false},"author":3,"featured_media":8831,"comment_status":"closed","ping_status":"closed","sticky":false,"template":"","format":"standard","meta":{"_acf_changed":false,"_et_pb_use_builder":"on","_et_pb_old_content":"","_et_gb_content_width":"","footnotes":""},"categories":[31,23],"tags":[],"class_list":["post-8830","post","type-post","status-publish","format-standard","has-post-thumbnail","hentry","category-a-la-une","category-le-collectif"],"acf":[],"yoast_head":"<!-- This site is optimized with the Yoast SEO plugin v27.4 - https:\/\/yoast.com\/product\/yoast-seo-wordpress\/ -->\n<title>A La Ruche, l\u2019industrie comme vous ne l\u2019avez jamais vue<\/title>\n<meta name=\"description\" content=\"D\u00e9couvrez La Ruche industrielle : un collectif et des espaces collaboratifs de 1300 m\u00b2 soutenus par la Banque des Territoires.\" \/>\n<meta name=\"robots\" content=\"index, follow, max-snippet:-1, max-image-preview:large, max-video-preview:-1\" \/>\n<link rel=\"canonical\" href=\"https:\/\/larucheindustrielle.fr\/fr\/a-la-ruche-l-industrie-comme-vous-ne-l-avez-jamais-vue\/\" \/>\n<meta property=\"og:locale\" content=\"fr_FR\" \/>\n<meta property=\"og:type\" content=\"article\" \/>\n<meta property=\"og:title\" content=\"A La Ruche, l\u2019industrie comme vous ne l\u2019avez jamais vue\" \/>\n<meta property=\"og:description\" content=\"D\u00e9couvrez La Ruche industrielle : un collectif et des espaces collaboratifs de 1300 m\u00b2 soutenus par la Banque des Territoires.\" \/>\n<meta property=\"og:url\" content=\"https:\/\/larucheindustrielle.fr\/fr\/a-la-ruche-l-industrie-comme-vous-ne-l-avez-jamais-vue\/\" \/>\n<meta property=\"og:site_name\" content=\"La Ruche industrielle\" \/>\n<meta property=\"article:published_time\" content=\"2025-08-27T14:39:14+00:00\" \/>\n<meta property=\"article:modified_time\" content=\"2025-08-29T09:08:38+00:00\" \/>\n<meta property=\"og:image\" content=\"https:\/\/larucheindustrielle.fr\/wp-content\/uploads\/2025\/08\/territoires-en-questions.jpg\" \/>\n\t<meta property=\"og:image:width\" content=\"925\" \/>\n\t<meta property=\"og:image:height\" content=\"462\" \/>\n\t<meta property=\"og:image:type\" content=\"image\/jpeg\" \/>\n<meta name=\"author\" content=\"C\u00e9line Brossard\" \/>\n<meta name=\"twitter:card\" content=\"summary_large_image\" \/>\n<meta name=\"twitter:creator\" content=\"@LaRucheIndus\" \/>\n<meta name=\"twitter:site\" content=\"@LaRucheIndus\" \/>\n<meta name=\"twitter:label1\" content=\"\u00c9crit par\" \/>\n\t<meta name=\"twitter:data1\" content=\"C\u00e9line Brossard\" \/>\n\t<meta name=\"twitter:label2\" content=\"Dur\u00e9e de lecture estim\u00e9e\" \/>\n\t<meta name=\"twitter:data2\" content=\"3 minutes\" \/>\n<script type=\"application\/ld+json\" class=\"yoast-schema-graph\">{\"@context\":\"https:\\\/\\\/schema.org\",\"@graph\":[{\"@type\":\"Article\",\"@id\":\"https:\\\/\\\/larucheindustrielle.fr\\\/fr\\\/a-la-ruche-l-industrie-comme-vous-ne-l-avez-jamais-vue\\\/#article\",\"isPartOf\":{\"@id\":\"https:\\\/\\\/larucheindustrielle.fr\\\/fr\\\/a-la-ruche-l-industrie-comme-vous-ne-l-avez-jamais-vue\\\/\"},\"author\":{\"name\":\"C\u00e9line Brossard\",\"@id\":\"https:\\\/\\\/larucheindustrielle.fr\\\/fr\\\/#\\\/schema\\\/person\\\/25c0164b97fd16b58602fd12915400bf\"},\"headline\":\"A La Ruche, l\u2019industrie comme vous ne l\u2019avez jamais vue\",\"datePublished\":\"2025-08-27T14:39:14+00:00\",\"dateModified\":\"2025-08-29T09:08:38+00:00\",\"mainEntityOfPage\":{\"@id\":\"https:\\\/\\\/larucheindustrielle.fr\\\/fr\\\/a-la-ruche-l-industrie-comme-vous-ne-l-avez-jamais-vue\\\/\"},\"wordCount\":676,\"publisher\":{\"@id\":\"https:\\\/\\\/larucheindustrielle.fr\\\/fr\\\/#organization\"},\"image\":{\"@id\":\"https:\\\/\\\/larucheindustrielle.fr\\\/fr\\\/a-la-ruche-l-industrie-comme-vous-ne-l-avez-jamais-vue\\\/#primaryimage\"},\"thumbnailUrl\":\"https:\\\/\\\/larucheindustrielle.fr\\\/wp-content\\\/uploads\\\/2025\\\/08\\\/territoires-en-questions.jpg\",\"articleSection\":[\"\u00c0 la une\",\"Le collectif\"],\"inLanguage\":\"fr-FR\"},{\"@type\":\"WebPage\",\"@id\":\"https:\\\/\\\/larucheindustrielle.fr\\\/fr\\\/a-la-ruche-l-industrie-comme-vous-ne-l-avez-jamais-vue\\\/\",\"url\":\"https:\\\/\\\/larucheindustrielle.fr\\\/fr\\\/a-la-ruche-l-industrie-comme-vous-ne-l-avez-jamais-vue\\\/\",\"name\":\"A La Ruche, l\u2019industrie comme vous ne l\u2019avez jamais vue\",\"isPartOf\":{\"@id\":\"https:\\\/\\\/larucheindustrielle.fr\\\/fr\\\/#website\"},\"primaryImageOfPage\":{\"@id\":\"https:\\\/\\\/larucheindustrielle.fr\\\/fr\\\/a-la-ruche-l-industrie-comme-vous-ne-l-avez-jamais-vue\\\/#primaryimage\"},\"image\":{\"@id\":\"https:\\\/\\\/larucheindustrielle.fr\\\/fr\\\/a-la-ruche-l-industrie-comme-vous-ne-l-avez-jamais-vue\\\/#primaryimage\"},\"thumbnailUrl\":\"https:\\\/\\\/larucheindustrielle.fr\\\/wp-content\\\/uploads\\\/2025\\\/08\\\/territoires-en-questions.jpg\",\"datePublished\":\"2025-08-27T14:39:14+00:00\",\"dateModified\":\"2025-08-29T09:08:38+00:00\",\"description\":\"D\u00e9couvrez La Ruche industrielle : un collectif et des espaces collaboratifs de 1300 m\u00b2 soutenus par la Banque des Territoires.\",\"inLanguage\":\"fr-FR\",\"potentialAction\":[{\"@type\":\"ReadAction\",\"target\":[\"https:\\\/\\\/larucheindustrielle.fr\\\/fr\\\/a-la-ruche-l-industrie-comme-vous-ne-l-avez-jamais-vue\\\/\"]}]},{\"@type\":\"ImageObject\",\"inLanguage\":\"fr-FR\",\"@id\":\"https:\\\/\\\/larucheindustrielle.fr\\\/fr\\\/a-la-ruche-l-industrie-comme-vous-ne-l-avez-jamais-vue\\\/#primaryimage\",\"url\":\"https:\\\/\\\/larucheindustrielle.fr\\\/wp-content\\\/uploads\\\/2025\\\/08\\\/territoires-en-questions.jpg\",\"contentUrl\":\"https:\\\/\\\/larucheindustrielle.fr\\\/wp-content\\\/uploads\\\/2025\\\/08\\\/territoires-en-questions.jpg\",\"width\":925,\"height\":462},{\"@type\":\"WebSite\",\"@id\":\"https:\\\/\\\/larucheindustrielle.fr\\\/fr\\\/#website\",\"url\":\"https:\\\/\\\/larucheindustrielle.fr\\\/fr\\\/\",\"name\":\"La Ruche industrielle\",\"description\":\"Ici, on construit ensemble l&#039;industrie du futur !\",\"publisher\":{\"@id\":\"https:\\\/\\\/larucheindustrielle.fr\\\/fr\\\/#organization\"},\"potentialAction\":[{\"@type\":\"SearchAction\",\"target\":{\"@type\":\"EntryPoint\",\"urlTemplate\":\"https:\\\/\\\/larucheindustrielle.fr\\\/fr\\\/?s={search_term_string}\"},\"query-input\":{\"@type\":\"PropertyValueSpecification\",\"valueRequired\":true,\"valueName\":\"search_term_string\"}}],\"inLanguage\":\"fr-FR\"},{\"@type\":\"Organization\",\"@id\":\"https:\\\/\\\/larucheindustrielle.fr\\\/fr\\\/#organization\",\"name\":\"La Ruche industrielle\",\"url\":\"https:\\\/\\\/larucheindustrielle.fr\\\/fr\\\/\",\"logo\":{\"@type\":\"ImageObject\",\"inLanguage\":\"fr-FR\",\"@id\":\"https:\\\/\\\/larucheindustrielle.fr\\\/fr\\\/#\\\/schema\\\/logo\\\/image\\\/\",\"url\":\"https:\\\/\\\/larucheindustrielle.fr\\\/wp-content\\\/uploads\\\/2023\\\/06\\\/Home-page-Logo-la-ruche-en-bois.jpg\",\"contentUrl\":\"https:\\\/\\\/larucheindustrielle.fr\\\/wp-content\\\/uploads\\\/2023\\\/06\\\/Home-page-Logo-la-ruche-en-bois.jpg\",\"width\":1280,\"height\":853,\"caption\":\"La Ruche industrielle\"},\"image\":{\"@id\":\"https:\\\/\\\/larucheindustrielle.fr\\\/fr\\\/#\\\/schema\\\/logo\\\/image\\\/\"},\"sameAs\":[\"https:\\\/\\\/x.com\\\/LaRucheIndus\",\"https:\\\/\\\/fr.linkedin.com\\\/company\\\/la-ruche-industrielle\",\"https:\\\/\\\/www.youtube.com\\\/@larucheindustrielle932\",\"https:\\\/\\\/www.instagram.com\\\/larucheindustrielle\\\/\"]},{\"@type\":\"Person\",\"@id\":\"https:\\\/\\\/larucheindustrielle.fr\\\/fr\\\/#\\\/schema\\\/person\\\/25c0164b97fd16b58602fd12915400bf\",\"name\":\"C\u00e9line Brossard\",\"image\":{\"@type\":\"ImageObject\",\"inLanguage\":\"fr-FR\",\"@id\":\"https:\\\/\\\/secure.gravatar.com\\\/avatar\\\/5bb3e14e1572789c87c5cffb4ed8e9fd127915b203bdaea5d253ce8137bde5ec?s=96&d=mm&r=g\",\"url\":\"https:\\\/\\\/secure.gravatar.com\\\/avatar\\\/5bb3e14e1572789c87c5cffb4ed8e9fd127915b203bdaea5d253ce8137bde5ec?s=96&d=mm&r=g\",\"contentUrl\":\"https:\\\/\\\/secure.gravatar.com\\\/avatar\\\/5bb3e14e1572789c87c5cffb4ed8e9fd127915b203bdaea5d253ce8137bde5ec?s=96&d=mm&r=g\",\"caption\":\"C\u00e9line Brossard\"},\"url\":\"https:\\\/\\\/larucheindustrielle.fr\\\/fr\\\/author\\\/adminlaruche\\\/\"}]}<\/script>\n<!-- \/ Yoast SEO plugin. -->","yoast_head_json":{"title":"A La Ruche, l\u2019industrie comme vous ne l\u2019avez jamais vue","description":"D\u00e9couvrez La Ruche industrielle : un collectif et des espaces collaboratifs de 1300 m\u00b2 soutenus par la Banque des Territoires.","robots":{"index":"index","follow":"follow","max-snippet":"max-snippet:-1","max-image-preview":"max-image-preview:large","max-video-preview":"max-video-preview:-1"},"canonical":"https:\/\/larucheindustrielle.fr\/fr\/a-la-ruche-l-industrie-comme-vous-ne-l-avez-jamais-vue\/","og_locale":"fr_FR","og_type":"article","og_title":"A La Ruche, l\u2019industrie comme vous ne l\u2019avez jamais vue","og_description":"D\u00e9couvrez La Ruche industrielle : un collectif et des espaces collaboratifs de 1300 m\u00b2 soutenus par la Banque des Territoires.","og_url":"https:\/\/larucheindustrielle.fr\/fr\/a-la-ruche-l-industrie-comme-vous-ne-l-avez-jamais-vue\/","og_site_name":"La Ruche industrielle","article_published_time":"2025-08-27T14:39:14+00:00","article_modified_time":"2025-08-29T09:08:38+00:00","og_image":[{"width":925,"height":462,"url":"https:\/\/larucheindustrielle.fr\/wp-content\/uploads\/2025\/08\/territoires-en-questions.jpg","type":"image\/jpeg"}],"author":"C\u00e9line Brossard","twitter_card":"summary_large_image","twitter_creator":"@LaRucheIndus","twitter_site":"@LaRucheIndus","twitter_misc":{"\u00c9crit par":"C\u00e9line Brossard","Dur\u00e9e de lecture estim\u00e9e":"3 minutes"},"schema":{"@context":"https:\/\/schema.org","@graph":[{"@type":"Article","@id":"https:\/\/larucheindustrielle.fr\/fr\/a-la-ruche-l-industrie-comme-vous-ne-l-avez-jamais-vue\/#article","isPartOf":{"@id":"https:\/\/larucheindustrielle.fr\/fr\/a-la-ruche-l-industrie-comme-vous-ne-l-avez-jamais-vue\/"},"author":{"name":"C\u00e9line Brossard","@id":"https:\/\/larucheindustrielle.fr\/fr\/#\/schema\/person\/25c0164b97fd16b58602fd12915400bf"},"headline":"A La Ruche, l\u2019industrie comme vous ne l\u2019avez jamais vue","datePublished":"2025-08-27T14:39:14+00:00","dateModified":"2025-08-29T09:08:38+00:00","mainEntityOfPage":{"@id":"https:\/\/larucheindustrielle.fr\/fr\/a-la-ruche-l-industrie-comme-vous-ne-l-avez-jamais-vue\/"},"wordCount":676,"publisher":{"@id":"https:\/\/larucheindustrielle.fr\/fr\/#organization"},"image":{"@id":"https:\/\/larucheindustrielle.fr\/fr\/a-la-ruche-l-industrie-comme-vous-ne-l-avez-jamais-vue\/#primaryimage"},"thumbnailUrl":"https:\/\/larucheindustrielle.fr\/wp-content\/uploads\/2025\/08\/territoires-en-questions.jpg","articleSection":["\u00c0 la une","Le collectif"],"inLanguage":"fr-FR"},{"@type":"WebPage","@id":"https:\/\/larucheindustrielle.fr\/fr\/a-la-ruche-l-industrie-comme-vous-ne-l-avez-jamais-vue\/","url":"https:\/\/larucheindustrielle.fr\/fr\/a-la-ruche-l-industrie-comme-vous-ne-l-avez-jamais-vue\/","name":"A La Ruche, l\u2019industrie comme vous ne l\u2019avez jamais vue","isPartOf":{"@id":"https:\/\/larucheindustrielle.fr\/fr\/#website"},"primaryImageOfPage":{"@id":"https:\/\/larucheindustrielle.fr\/fr\/a-la-ruche-l-industrie-comme-vous-ne-l-avez-jamais-vue\/#primaryimage"},"image":{"@id":"https:\/\/larucheindustrielle.fr\/fr\/a-la-ruche-l-industrie-comme-vous-ne-l-avez-jamais-vue\/#primaryimage"},"thumbnailUrl":"https:\/\/larucheindustrielle.fr\/wp-content\/uploads\/2025\/08\/territoires-en-questions.jpg","datePublished":"2025-08-27T14:39:14+00:00","dateModified":"2025-08-29T09:08:38+00:00","description":"D\u00e9couvrez La Ruche industrielle : un collectif et des espaces collaboratifs de 1300 m\u00b2 soutenus par la Banque des Territoires.","inLanguage":"fr-FR","potentialAction":[{"@type":"ReadAction","target":["https:\/\/larucheindustrielle.fr\/fr\/a-la-ruche-l-industrie-comme-vous-ne-l-avez-jamais-vue\/"]}]},{"@type":"ImageObject","inLanguage":"fr-FR","@id":"https:\/\/larucheindustrielle.fr\/fr\/a-la-ruche-l-industrie-comme-vous-ne-l-avez-jamais-vue\/#primaryimage","url":"https:\/\/larucheindustrielle.fr\/wp-content\/uploads\/2025\/08\/territoires-en-questions.jpg","contentUrl":"https:\/\/larucheindustrielle.fr\/wp-content\/uploads\/2025\/08\/territoires-en-questions.jpg","width":925,"height":462},{"@type":"WebSite","@id":"https:\/\/larucheindustrielle.fr\/fr\/#website","url":"https:\/\/larucheindustrielle.fr\/fr\/","name":"La Ruche industrielle","description":"Ici, on construit ensemble l&#039;industrie du futur !","publisher":{"@id":"https:\/\/larucheindustrielle.fr\/fr\/#organization"},"potentialAction":[{"@type":"SearchAction","target":{"@type":"EntryPoint","urlTemplate":"https:\/\/larucheindustrielle.fr\/fr\/?s={search_term_string}"},"query-input":{"@type":"PropertyValueSpecification","valueRequired":true,"valueName":"search_term_string"}}],"inLanguage":"fr-FR"},{"@type":"Organization","@id":"https:\/\/larucheindustrielle.fr\/fr\/#organization","name":"La Ruche industrielle","url":"https:\/\/larucheindustrielle.fr\/fr\/","logo":{"@type":"ImageObject","inLanguage":"fr-FR","@id":"https:\/\/larucheindustrielle.fr\/fr\/#\/schema\/logo\/image\/","url":"https:\/\/larucheindustrielle.fr\/wp-content\/uploads\/2023\/06\/Home-page-Logo-la-ruche-en-bois.jpg","contentUrl":"https:\/\/larucheindustrielle.fr\/wp-content\/uploads\/2023\/06\/Home-page-Logo-la-ruche-en-bois.jpg","width":1280,"height":853,"caption":"La Ruche industrielle"},"image":{"@id":"https:\/\/larucheindustrielle.fr\/fr\/#\/schema\/logo\/image\/"},"sameAs":["https:\/\/x.com\/LaRucheIndus","https:\/\/fr.linkedin.com\/company\/la-ruche-industrielle","https:\/\/www.youtube.com\/@larucheindustrielle932","https:\/\/www.instagram.com\/larucheindustrielle\/"]},{"@type":"Person","@id":"https:\/\/larucheindustrielle.fr\/fr\/#\/schema\/person\/25c0164b97fd16b58602fd12915400bf","name":"C\u00e9line Brossard","image":{"@type":"ImageObject","inLanguage":"fr-FR","@id":"https:\/\/secure.gravatar.com\/avatar\/5bb3e14e1572789c87c5cffb4ed8e9fd127915b203bdaea5d253ce8137bde5ec?s=96&d=mm&r=g","url":"https:\/\/secure.gravatar.com\/avatar\/5bb3e14e1572789c87c5cffb4ed8e9fd127915b203bdaea5d253ce8137bde5ec?s=96&d=mm&r=g","contentUrl":"https:\/\/secure.gravatar.com\/avatar\/5bb3e14e1572789c87c5cffb4ed8e9fd127915b203bdaea5d253ce8137bde5ec?s=96&d=mm&r=g","caption":"C\u00e9line Brossard"},"url":"https:\/\/larucheindustrielle.fr\/fr\/author\/adminlaruche\/"}]}},"publishpress_future_workflow_manual_trigger":{"enabledWorkflows":[]},"_links":{"self":[{"href":"https:\/\/larucheindustrielle.fr\/fr\/wp-json\/wp\/v2\/posts\/8830","targetHints":{"allow":["GET"]}}],"collection":[{"href":"https:\/\/larucheindustrielle.fr\/fr\/wp-json\/wp\/v2\/posts"}],"about":[{"href":"https:\/\/larucheindustrielle.fr\/fr\/wp-json\/wp\/v2\/types\/post"}],"author":[{"embeddable":true,"href":"https:\/\/larucheindustrielle.fr\/fr\/wp-json\/wp\/v2\/users\/3"}],"replies":[{"embeddable":true,"href":"https:\/\/larucheindustrielle.fr\/fr\/wp-json\/wp\/v2\/comments?post=8830"}],"version-history":[{"count":0,"href":"https:\/\/larucheindustrielle.fr\/fr\/wp-json\/wp\/v2\/posts\/8830\/revisions"}],"wp:featuredmedia":[{"embeddable":true,"href":"https:\/\/larucheindustrielle.fr\/fr\/wp-json\/wp\/v2\/media\/8831"}],"wp:attachment":[{"href":"https:\/\/larucheindustrielle.fr\/fr\/wp-json\/wp\/v2\/media?parent=8830"}],"wp:term":[{"taxonomy":"category","embeddable":true,"href":"https:\/\/larucheindustrielle.fr\/fr\/wp-json\/wp\/v2\/categories?post=8830"},{"taxonomy":"post_tag","embeddable":true,"href":"https:\/\/larucheindustrielle.fr\/fr\/wp-json\/wp\/v2\/tags?post=8830"}],"curies":[{"name":"wp","href":"https:\/\/api.w.org\/{rel}","templated":true}]}}