{"id":8854,"date":"2025-09-11T10:40:33","date_gmt":"2025-09-11T08:40:33","guid":{"rendered":"https:\/\/larucheindustrielle.fr\/?p=8854"},"modified":"2025-09-12T08:49:04","modified_gmt":"2025-09-12T06:49:04","slug":"observatoire-industrie-septembre-2025","status":"publish","type":"post","link":"https:\/\/larucheindustrielle.fr\/fr\/observatoire-industrie-septembre-2025\/","title":{"rendered":"La Ruche Industrielle : un observatoire vivant des mutations industrielles &#8211; septembre 2025"},"content":{"rendered":"<p>[et_pb_section fb_built=\u00a0\u00bb1&Prime; fullwidth=\u00a0\u00bbon\u00a0\u00bb _builder_version=\u00a0\u00bb4.21.0&Prime; _module_preset=\u00a0\u00bbdefault\u00a0\u00bb da_disable_devices=\u00a0\u00bboff|off|off\u00a0\u00bb global_colors_info=\u00a0\u00bb{}\u00a0\u00bb da_is_popup=\u00a0\u00bboff\u00a0\u00bb da_exit_intent=\u00a0\u00bboff\u00a0\u00bb da_has_close=\u00a0\u00bbon\u00a0\u00bb da_alt_close=\u00a0\u00bboff\u00a0\u00bb da_dark_close=\u00a0\u00bboff\u00a0\u00bb da_not_modal=\u00a0\u00bbon\u00a0\u00bb da_is_singular=\u00a0\u00bboff\u00a0\u00bb da_with_loader=\u00a0\u00bboff\u00a0\u00bb da_has_shadow=\u00a0\u00bbon\u00a0\u00bb][et_pb_fullwidth_post_title author=\u00a0\u00bboff\u00a0\u00bb date_format=\u00a0\u00bbj M Y\u00a0\u00bb comments=\u00a0\u00bboff\u00a0\u00bb _builder_version=\u00a0\u00bb4.21.0&Prime; _module_preset=\u00a0\u00bbdefault\u00a0\u00bb global_colors_info=\u00a0\u00bb{}\u00a0\u00bb][\/et_pb_fullwidth_post_title][\/et_pb_section][et_pb_section fb_built=\u00a0\u00bb1&Prime; _builder_version=\u00a0\u00bb4.22.2&Prime; da_disable_devices=\u00a0\u00bboff|off|off\u00a0\u00bb global_colors_info=\u00a0\u00bb{}\u00a0\u00bb da_is_popup=\u00a0\u00bboff\u00a0\u00bb da_exit_intent=\u00a0\u00bboff\u00a0\u00bb da_has_close=\u00a0\u00bbon\u00a0\u00bb da_alt_close=\u00a0\u00bboff\u00a0\u00bb da_dark_close=\u00a0\u00bboff\u00a0\u00bb da_not_modal=\u00a0\u00bbon\u00a0\u00bb da_is_singular=\u00a0\u00bboff\u00a0\u00bb da_with_loader=\u00a0\u00bboff\u00a0\u00bb da_has_shadow=\u00a0\u00bbon\u00a0\u00bb][et_pb_row use_custom_gutter=\u00a0\u00bbon\u00a0\u00bb gutter_width=\u00a0\u00bb1&Prime; _builder_version=\u00a0\u00bb4.21.0&Prime; background_size=\u00a0\u00bbinitial\u00a0\u00bb background_position=\u00a0\u00bbtop_left\u00a0\u00bb background_repeat=\u00a0\u00bbrepeat\u00a0\u00bb global_colors_info=\u00a0\u00bb{}\u00a0\u00bb][et_pb_column type=\u00a0\u00bb4_4&Prime; _builder_version=\u00a0\u00bb4.16&Prime; custom_padding=\u00a0\u00bb|||\u00a0\u00bb global_colors_info=\u00a0\u00bb{}\u00a0\u00bb custom_padding__hover=\u00a0\u00bb|||\u00a0\u00bb][et_pb_text _builder_version=\u00a0\u00bb4.27.4&Prime; background_size=\u00a0\u00bbinitial\u00a0\u00bb background_position=\u00a0\u00bbtop_left\u00a0\u00bb background_repeat=\u00a0\u00bbrepeat\u00a0\u00bb hover_enabled=\u00a0\u00bb0&Prime; global_colors_info=\u00a0\u00bb{}\u00a0\u00bb sticky_enabled=\u00a0\u00bb0&Prime;]<\/p>\n<p><strong>Depuis notre poste d\u2019observation privil\u00e9gi\u00e9 \u2014 groupes projets, Commission projets, \u00e9changes crois\u00e9s entre industriels \u2014, La Ruche Industrielle capte les signaux faibles comme les tendances lourdes : secteurs sous tension, rationalisation des sites, pilotage \u00e0 distance, acc\u00e9l\u00e9ration des cycles d\u2019innovation, pression des concurrents asiatiques, retour en force des imp\u00e9ratifs \u00e9conomiques face au circulaire\u2026<br data-start=\"831\" data-end=\"834\" \/>Un concentr\u00e9 de r\u00e9alit\u00e9s industrielles qui montre un syst\u00e8me \u00e0 la fois compress\u00e9 et en transformation, et rappelle l\u2019importance d\u2019accompagner des leaders \u00e9clair\u00e9s, capables d\u2019explorer, d\u2019embarquer et de r\u00e9inventer.<\/strong><\/p>\n<p><strong>Un observatoire sign\u00e9 Caroline FELIX, Directrice G\u00e9n\u00e9rale et Bertrand FELIX, Responsable Projets de La Ruche Industrielle,.<\/strong><\/p>\n<h3><img loading=\"lazy\" decoding=\"async\" class=\"aligncenter wp-image-8856 size-large\" src=\"https:\/\/larucheindustrielle.fr\/wp-content\/uploads\/2025\/09\/cecile-cayon-la-ruche-industrielle-XR-fev2025-59-1024x683.jpg\" alt=\"\" width=\"1024\" height=\"683\" srcset=\"https:\/\/larucheindustrielle.fr\/wp-content\/uploads\/2025\/09\/cecile-cayon-la-ruche-industrielle-XR-fev2025-59-980x654.jpg 980w, https:\/\/larucheindustrielle.fr\/wp-content\/uploads\/2025\/09\/cecile-cayon-la-ruche-industrielle-XR-fev2025-59-480x320.jpg 480w\" sizes=\"(min-width: 0px) and (max-width: 480px) 480px, (min-width: 481px) and (max-width: 980px) 980px, (min-width: 981px) 1024px, 100vw\" \/><\/h3>\n<p>\u00ab\u00a0<strong>Mines bronz\u00e9es, batteries recharg\u00e9es, les collaborateurs des adh\u00e9rents de La Ruche reviennent bourdonner. On sent une bonne \u00e9nergie apr\u00e8s la pause estivale ! \u2026 reste \u00e0 la faire durer !<br data-start=\"421\" data-end=\"424\" \/><\/strong><\/p>\n<p>Pour cette rentr\u00e9e automnale 2025, voici ce que nous ressentons :<\/p>\n<p><strong>Certains secteurs industriels sont en tension : automobile, b\u00e2timent, &#8230; d&rsquo;autres tirent leur \u00e9pingle du jeu, comme la d\u00e9fense. <\/strong>Certains font face \u00e0 des volumes \u00e0 livrer importants, ce qui cr\u00e9\u00e9 d&rsquo;autres types de difficult\u00e9s. Les process \u00e0 optimiser voire r\u00e9inventer, l&rsquo;appareil de production et les forces vives en tension.<\/p>\n<p><strong>Autre tendance, la rationalisation des b\u00e2timents<\/strong> : certains sont vid\u00e9s de leur activit\u00e9 pour \u00eatre vendus, d&rsquo;autre sites de production sont regroup\u00e9s. Outre le pilotage de ces projets d&rsquo;ampleur, la gestion du changement qu&rsquo;ils occasionnent n&rsquo;est pas une mince affaire !<\/p>\n<p><strong>Le pilotage de lignes \u00e0 distance constitue un autre challenge.<\/strong> Des lignes sont transf\u00e9r\u00e9es en Turquie, Inde ou Chine. Viennent avec ces transferts les sujets de pilotage entre usines m\u00e8res et usines-filles.<\/p>\n<p><strong>Standardiser les outils entre les diff\u00e9rentes filiales reste un enjeu majeur.\u00a0<\/strong> Lutter contre l&rsquo;h\u00e9t\u00e9rog\u00e9n\u00e9it\u00e9 des process pour d\u00e9gager du cash afin de financer une R&amp;D co\u00fbteuse car multi-technologique en est un autre.<\/p>\n<p><strong>La digitalisation et la mise en place de la continuit\u00e9 num\u00e9rique dans les process et les organisations des entreprises reste un sujet central.<\/strong> Car permet de gagner du temps (c&rsquo;est le Time to Market) et de travailler de mani\u00e8re fluide (satisfaction des employ\u00e9s, marque employeur). Mais pas \u00e0 n\u2019importe quel prix, et surtout sur des process d\u00e9j\u00e0 reconnus comme efficaces ou r\u00e9-optimis\u00e9s.<\/p>\n<p><strong>Par ailleurs, la pression est forte pour sortir des produits et services innovants qui rencontrent les besoins clients et le march\u00e9 au bon prix, dans des d\u00e9lais de plus en plus courts<\/strong> : dans l&rsquo;automobile, on est pass\u00e9 de 4 ans de d\u00e9veloppement pour un v\u00e9hicule \u00e0 3, puis d\u00e9sormais 2, notamment sous la pouss\u00e9e des acteurs industriels chinois. Ces derniers raccourcissent toujours plus leurs d\u00e9lais gr\u00e2ce \u00e0 des volum\u00e9tries et une supply chain forte port\u00e9es par un march\u00e9 int\u00e9rieur dynamique et une main d&rsquo;\u0153uvre moins ch\u00e8re. Le rapport \u00e0 l&rsquo;innovation est \u00e9galement diff\u00e9rent : une prise de risque plus \u00e9lev\u00e9e, des cycles de vie produits plus courts, renouvel\u00e9s plus souvent en mode it\u00e9ratif, une pression normative bien moindre et un soutien fort du gouvernement sur des march\u00e9s jug\u00e9s strat\u00e9giques : pr\u00eats, facilit\u00e9s d&rsquo;installation d&rsquo;usines dans les territoires, montage de consortiums. Tous les secteurs industriels ou presque sont impact\u00e9s par cette concurrence et force les Europ\u00e9ens \u00e0 acc\u00e9l\u00e9rer leur \u2018time to market\u2019, \u00e0 repenser leur approvisionnement de mati\u00e8res premi\u00e8res et sous-ensembles, voire \u00e0 s&rsquo;associer entre acteurs d&rsquo;un m\u00eame domaine pour peser plus lourd face au challenger asiatique.<\/p>\n<p>Cette concurrence met \u00e0 nu les temps de d\u00e9cision longs, de test produits pour respecter les r\u00e9gulations europ\u00e9ennes et les temps de conduite du changement. Elle exacerbe la pression de vendre des produits hyper technologiques et aboutis pour \u00eatre en phase avec les r\u00e9mun\u00e9rations. Elle met en contraste l&rsquo;approche cahiers des charges respect\u00e9s \u00e0 100% avec de nombreuses fonctionnalit\u00e9s et des prix \u00e9lev\u00e9s versus une approche proto pragmatique qui vise le juste ce qu&rsquo;il faut et qui remporte les march\u00e9s.<\/p>\n<p><strong>Et la place de l&rsquo;humain dans tout \u00e7a ?<\/strong> Il faut trouver les bons leviers pour travailler sur la \u00ab\u00a0mise en mouvement\u00a0\u00bb des organisations, sur l&rsquo;am\u00e9lioration du leadership des pilotes de projets de transformation. Les convictions personnelles entrent en tension avec les contraintes du r\u00e9el qui obligent \u00e0 les revoir \u00e0 la baisse.<\/p>\n<p><strong>Au niveau du circulaire, on constate un recul de la th\u00e9matique au profit de la performance industrielle et \u00e9conomique.<\/strong> Les soubresauts de la r\u00e9gulation CSRD <em>(\u00ab\u00a0Corporate Sustainability Reporting Directive<\/em>\u00ab\u00a0) n&rsquo;y sont pas \u00e9trangers. Mais ce n&rsquo;est pas pour autant oubli\u00e9 : les entreprises ouvrent des usines de remanufacturing, de produits ou de pi\u00e8ces de rechange et pensent leurs nouveaux d\u00e9veloppements produits avec les logiques de d\u00e9montabilit\u00e9, recyclabilit\u00e9, remanufacturing (garanti comme neuf) conjointement avec leurs clients. Dans La Ruche, les projets accompagn\u00e9s dans le cadre des grappes industrie circulaire se poursuivent. Le programme Pivot Circulaire d\u00e9ploy\u00e9 au niveau m\u00e9tropolitain va entrer dans sa 2\u00e8me ann\u00e9e.<\/p>\n<p>Notre contexte actuel est celui d&rsquo;un syst\u00e8me qui est \u00e9tir\u00e9 ou compress\u00e9, qui r\u00e9siste au changement et qui cherche \u00e0 se transformer en m\u00eame temps. <strong>En ces temps de transition, accompagner et d\u00e9velopper des leaders et des professionnels de l&rsquo;industrie \u00e9clair\u00e9s, capables de travailler en \u00e9cosyst\u00e8me, de faire avancer leurs projets en mode explorateur, de convaincre, d&#8217;embarquer, de bien les positionner dans leur entreprise est une mission importante.<\/strong> La Ruche Industrielle garde son cap de <strong>communaut\u00e9 <\/strong>et\u00a0de <strong>lieu-ressource<\/strong> de la transformation de l&rsquo;industrie, pour qu&rsquo;elle devienne plus humaine, plus performante et plus durable.\u00a0\u00bb<\/p>\n<p><strong>Caroline et Bertrand FELIX<\/strong><br \/><strong>La Ruche Industrielle<\/strong><\/p>\n<p>&nbsp;<\/p>\n<h3><img loading=\"lazy\" decoding=\"async\" class=\"aligncenter wp-image-8858 size-large\" src=\"https:\/\/larucheindustrielle.fr\/wp-content\/uploads\/2025\/09\/cecile-cayon-la-ruche-industrielle-XR-fev2025-130-1024x683.jpg\" alt=\"\" width=\"1024\" height=\"683\" srcset=\"https:\/\/larucheindustrielle.fr\/wp-content\/uploads\/2025\/09\/cecile-cayon-la-ruche-industrielle-XR-fev2025-130-980x654.jpg 980w, https:\/\/larucheindustrielle.fr\/wp-content\/uploads\/2025\/09\/cecile-cayon-la-ruche-industrielle-XR-fev2025-130-480x320.jpg 480w\" sizes=\"(min-width: 0px) and (max-width: 480px) 480px, (min-width: 481px) and (max-width: 980px) 980px, (min-width: 981px) 1024px, 100vw\" \/><\/h3>\n<p>[\/et_pb_text][et_pb_text _builder_version=\u00a0\u00bb4.27.4&Prime; background_size=\u00a0\u00bbinitial\u00a0\u00bb background_position=\u00a0\u00bbtop_left\u00a0\u00bb background_repeat=\u00a0\u00bbrepeat\u00a0\u00bb custom_margin=\u00a0\u00bb20px||20px||false|false\u00a0\u00bb hover_enabled=\u00a0\u00bb0&Prime; global_colors_info=\u00a0\u00bb{}\u00a0\u00bb sticky_enabled=\u00a0\u00bb0&Prime;]<\/p>\n<h3 data-start=\"2313\" data-end=\"2335\">La Ruche Industrielle, c&rsquo;est :<\/h3>\n<ul>\n<li><strong data-start=\"2447\" data-end=\"2490\">18 entreprises industrielles et \u00e9coles<\/strong> r\u00e9unies pour construire l\u2019industrie de demain<\/li>\n<li data-start=\"2379\" data-end=\"2444\"><strong data-start=\"2379\" data-end=\"2392\">une dizaine de projets inter-entreprises par an<\/strong><\/li>\n<li data-start=\"2379\" data-end=\"2444\"><strong data-start=\"2379\" data-end=\"2392\">1300 m2 d&rsquo;espaces transformants<\/strong><\/li>\n<li data-start=\"2447\" data-end=\"2536\"><strong>1 collectif de 330 personnes actives chaque ann\u00e9e<\/strong><\/li>\n<li data-start=\"2447\" data-end=\"2536\"><strong>5500 visiteurs par an<\/strong><\/li>\n<\/ul>\n<p>&nbsp;<\/p>\n<h3>Cet observatoire vous inspire ?<\/h3>\n<h5>Contactez-nous !<\/h5>\n<ul>\n<li><a href=\"mailto:caroline.felix@larucheindustrielle.fr\" target=\"_blank\" rel=\"noopener\">Caroline FELIX<\/a>, Directrice G\u00e9n\u00e9rale La Ruche Industrielle<\/li>\n<li><a href=\"mailto:bertrand.felix@larucheindustrielle.fr\">Bertrand FELIX<\/a>, Responsable Projets La Ruche Industrielle<\/li>\n<\/ul>\n<p>[\/et_pb_text][\/et_pb_column][\/et_pb_row][\/et_pb_section]<\/p>\n","protected":false},"excerpt":{"rendered":"<p>Tensions sectorielles, innovation acc\u00e9l\u00e9r\u00e9e, enjeux humains : l\u2019industrie se transforme. La Ruche Industrielle en dresse le portrait en mouvement.<\/p>\n","protected":false},"author":3,"featured_media":8856,"comment_status":"closed","ping_status":"closed","sticky":false,"template":"","format":"standard","meta":{"_acf_changed":false,"_et_pb_use_builder":"on","_et_pb_old_content":"","_et_gb_content_width":"","footnotes":""},"categories":[31,23],"tags":[],"class_list":["post-8854","post","type-post","status-publish","format-standard","has-post-thumbnail","hentry","category-a-la-une","category-le-collectif"],"acf":[],"yoast_head":"<!-- This site is optimized with the Yoast SEO plugin v27.4 - https:\/\/yoast.com\/product\/yoast-seo-wordpress\/ -->\n<title>La Ruche Industrielle : un observatoire vivant des mutations industrielles - septembre 2025<\/title>\n<meta name=\"description\" content=\"Tensions sectorielles, innovation acc\u00e9l\u00e9r\u00e9e, enjeux humains : l\u2019industrie se transforme. La Ruche Industrielle en dresse le portrait en mouvement.\" \/>\n<meta name=\"robots\" content=\"index, follow, max-snippet:-1, max-image-preview:large, max-video-preview:-1\" \/>\n<link rel=\"canonical\" href=\"https:\/\/larucheindustrielle.fr\/fr\/observatoire-industrie-septembre-2025\/\" \/>\n<meta property=\"og:locale\" content=\"fr_FR\" \/>\n<meta property=\"og:type\" content=\"article\" \/>\n<meta property=\"og:title\" content=\"La Ruche Industrielle : un observatoire vivant des mutations industrielles - septembre 2025\" \/>\n<meta property=\"og:description\" content=\"Tensions sectorielles, innovation acc\u00e9l\u00e9r\u00e9e, enjeux humains : l\u2019industrie se transforme. La Ruche Industrielle en dresse le portrait en mouvement.\" \/>\n<meta property=\"og:url\" content=\"https:\/\/larucheindustrielle.fr\/fr\/observatoire-industrie-septembre-2025\/\" \/>\n<meta property=\"og:site_name\" content=\"La Ruche industrielle\" \/>\n<meta property=\"article:published_time\" content=\"2025-09-11T08:40:33+00:00\" \/>\n<meta property=\"article:modified_time\" content=\"2025-09-12T06:49:04+00:00\" \/>\n<meta property=\"og:image\" content=\"https:\/\/larucheindustrielle.fr\/wp-content\/uploads\/2025\/09\/cecile-cayon-la-ruche-industrielle-XR-fev2025-59.jpg\" \/>\n\t<meta property=\"og:image:width\" content=\"1771\" \/>\n\t<meta property=\"og:image:height\" content=\"1181\" \/>\n\t<meta property=\"og:image:type\" content=\"image\/jpeg\" \/>\n<meta name=\"author\" content=\"C\u00e9line Brossard\" \/>\n<meta name=\"twitter:card\" content=\"summary_large_image\" \/>\n<meta name=\"twitter:creator\" content=\"@LaRucheIndus\" \/>\n<meta name=\"twitter:site\" content=\"@LaRucheIndus\" \/>\n<meta name=\"twitter:label1\" content=\"\u00c9crit par\" \/>\n\t<meta name=\"twitter:data1\" content=\"C\u00e9line Brossard\" \/>\n\t<meta name=\"twitter:label2\" content=\"Dur\u00e9e de lecture estim\u00e9e\" \/>\n\t<meta name=\"twitter:data2\" content=\"6 minutes\" \/>\n<script type=\"application\/ld+json\" class=\"yoast-schema-graph\">{\"@context\":\"https:\\\/\\\/schema.org\",\"@graph\":[{\"@type\":\"Article\",\"@id\":\"https:\\\/\\\/larucheindustrielle.fr\\\/fr\\\/observatoire-industrie-septembre-2025\\\/#article\",\"isPartOf\":{\"@id\":\"https:\\\/\\\/larucheindustrielle.fr\\\/fr\\\/observatoire-industrie-septembre-2025\\\/\"},\"author\":{\"name\":\"C\u00e9line Brossard\",\"@id\":\"https:\\\/\\\/larucheindustrielle.fr\\\/fr\\\/#\\\/schema\\\/person\\\/25c0164b97fd16b58602fd12915400bf\"},\"headline\":\"La Ruche Industrielle : un observatoire vivant des mutations industrielles &#8211; septembre 2025\",\"datePublished\":\"2025-09-11T08:40:33+00:00\",\"dateModified\":\"2025-09-12T06:49:04+00:00\",\"mainEntityOfPage\":{\"@id\":\"https:\\\/\\\/larucheindustrielle.fr\\\/fr\\\/observatoire-industrie-septembre-2025\\\/\"},\"wordCount\":1284,\"publisher\":{\"@id\":\"https:\\\/\\\/larucheindustrielle.fr\\\/fr\\\/#organization\"},\"image\":{\"@id\":\"https:\\\/\\\/larucheindustrielle.fr\\\/fr\\\/observatoire-industrie-septembre-2025\\\/#primaryimage\"},\"thumbnailUrl\":\"https:\\\/\\\/larucheindustrielle.fr\\\/wp-content\\\/uploads\\\/2025\\\/09\\\/cecile-cayon-la-ruche-industrielle-XR-fev2025-59.jpg\",\"articleSection\":[\"\u00c0 la une\",\"Le collectif\"],\"inLanguage\":\"fr-FR\"},{\"@type\":\"WebPage\",\"@id\":\"https:\\\/\\\/larucheindustrielle.fr\\\/fr\\\/observatoire-industrie-septembre-2025\\\/\",\"url\":\"https:\\\/\\\/larucheindustrielle.fr\\\/fr\\\/observatoire-industrie-septembre-2025\\\/\",\"name\":\"La Ruche Industrielle : un observatoire vivant des mutations industrielles - septembre 2025\",\"isPartOf\":{\"@id\":\"https:\\\/\\\/larucheindustrielle.fr\\\/fr\\\/#website\"},\"primaryImageOfPage\":{\"@id\":\"https:\\\/\\\/larucheindustrielle.fr\\\/fr\\\/observatoire-industrie-septembre-2025\\\/#primaryimage\"},\"image\":{\"@id\":\"https:\\\/\\\/larucheindustrielle.fr\\\/fr\\\/observatoire-industrie-septembre-2025\\\/#primaryimage\"},\"thumbnailUrl\":\"https:\\\/\\\/larucheindustrielle.fr\\\/wp-content\\\/uploads\\\/2025\\\/09\\\/cecile-cayon-la-ruche-industrielle-XR-fev2025-59.jpg\",\"datePublished\":\"2025-09-11T08:40:33+00:00\",\"dateModified\":\"2025-09-12T06:49:04+00:00\",\"description\":\"Tensions sectorielles, innovation acc\u00e9l\u00e9r\u00e9e, enjeux humains : l\u2019industrie se transforme. La Ruche Industrielle en dresse le portrait en mouvement.\",\"inLanguage\":\"fr-FR\",\"potentialAction\":[{\"@type\":\"ReadAction\",\"target\":[\"https:\\\/\\\/larucheindustrielle.fr\\\/fr\\\/observatoire-industrie-septembre-2025\\\/\"]}]},{\"@type\":\"ImageObject\",\"inLanguage\":\"fr-FR\",\"@id\":\"https:\\\/\\\/larucheindustrielle.fr\\\/fr\\\/observatoire-industrie-septembre-2025\\\/#primaryimage\",\"url\":\"https:\\\/\\\/larucheindustrielle.fr\\\/wp-content\\\/uploads\\\/2025\\\/09\\\/cecile-cayon-la-ruche-industrielle-XR-fev2025-59.jpg\",\"contentUrl\":\"https:\\\/\\\/larucheindustrielle.fr\\\/wp-content\\\/uploads\\\/2025\\\/09\\\/cecile-cayon-la-ruche-industrielle-XR-fev2025-59.jpg\",\"width\":1771,\"height\":1181},{\"@type\":\"WebSite\",\"@id\":\"https:\\\/\\\/larucheindustrielle.fr\\\/fr\\\/#website\",\"url\":\"https:\\\/\\\/larucheindustrielle.fr\\\/fr\\\/\",\"name\":\"La Ruche industrielle\",\"description\":\"Ici, on construit ensemble l&#039;industrie du futur !\",\"publisher\":{\"@id\":\"https:\\\/\\\/larucheindustrielle.fr\\\/fr\\\/#organization\"},\"potentialAction\":[{\"@type\":\"SearchAction\",\"target\":{\"@type\":\"EntryPoint\",\"urlTemplate\":\"https:\\\/\\\/larucheindustrielle.fr\\\/fr\\\/?s={search_term_string}\"},\"query-input\":{\"@type\":\"PropertyValueSpecification\",\"valueRequired\":true,\"valueName\":\"search_term_string\"}}],\"inLanguage\":\"fr-FR\"},{\"@type\":\"Organization\",\"@id\":\"https:\\\/\\\/larucheindustrielle.fr\\\/fr\\\/#organization\",\"name\":\"La Ruche industrielle\",\"url\":\"https:\\\/\\\/larucheindustrielle.fr\\\/fr\\\/\",\"logo\":{\"@type\":\"ImageObject\",\"inLanguage\":\"fr-FR\",\"@id\":\"https:\\\/\\\/larucheindustrielle.fr\\\/fr\\\/#\\\/schema\\\/logo\\\/image\\\/\",\"url\":\"https:\\\/\\\/larucheindustrielle.fr\\\/wp-content\\\/uploads\\\/2023\\\/06\\\/Home-page-Logo-la-ruche-en-bois.jpg\",\"contentUrl\":\"https:\\\/\\\/larucheindustrielle.fr\\\/wp-content\\\/uploads\\\/2023\\\/06\\\/Home-page-Logo-la-ruche-en-bois.jpg\",\"width\":1280,\"height\":853,\"caption\":\"La Ruche industrielle\"},\"image\":{\"@id\":\"https:\\\/\\\/larucheindustrielle.fr\\\/fr\\\/#\\\/schema\\\/logo\\\/image\\\/\"},\"sameAs\":[\"https:\\\/\\\/x.com\\\/LaRucheIndus\",\"https:\\\/\\\/fr.linkedin.com\\\/company\\\/la-ruche-industrielle\",\"https:\\\/\\\/www.youtube.com\\\/@larucheindustrielle932\",\"https:\\\/\\\/www.instagram.com\\\/larucheindustrielle\\\/\"]},{\"@type\":\"Person\",\"@id\":\"https:\\\/\\\/larucheindustrielle.fr\\\/fr\\\/#\\\/schema\\\/person\\\/25c0164b97fd16b58602fd12915400bf\",\"name\":\"C\u00e9line Brossard\",\"image\":{\"@type\":\"ImageObject\",\"inLanguage\":\"fr-FR\",\"@id\":\"https:\\\/\\\/secure.gravatar.com\\\/avatar\\\/5bb3e14e1572789c87c5cffb4ed8e9fd127915b203bdaea5d253ce8137bde5ec?s=96&d=mm&r=g\",\"url\":\"https:\\\/\\\/secure.gravatar.com\\\/avatar\\\/5bb3e14e1572789c87c5cffb4ed8e9fd127915b203bdaea5d253ce8137bde5ec?s=96&d=mm&r=g\",\"contentUrl\":\"https:\\\/\\\/secure.gravatar.com\\\/avatar\\\/5bb3e14e1572789c87c5cffb4ed8e9fd127915b203bdaea5d253ce8137bde5ec?s=96&d=mm&r=g\",\"caption\":\"C\u00e9line Brossard\"},\"url\":\"https:\\\/\\\/larucheindustrielle.fr\\\/fr\\\/author\\\/adminlaruche\\\/\"}]}<\/script>\n<!-- \/ Yoast SEO plugin. -->","yoast_head_json":{"title":"La Ruche Industrielle : un observatoire vivant des mutations industrielles - septembre 2025","description":"Tensions sectorielles, innovation acc\u00e9l\u00e9r\u00e9e, enjeux humains : l\u2019industrie se transforme. La Ruche Industrielle en dresse le portrait en mouvement.","robots":{"index":"index","follow":"follow","max-snippet":"max-snippet:-1","max-image-preview":"max-image-preview:large","max-video-preview":"max-video-preview:-1"},"canonical":"https:\/\/larucheindustrielle.fr\/fr\/observatoire-industrie-septembre-2025\/","og_locale":"fr_FR","og_type":"article","og_title":"La Ruche Industrielle : un observatoire vivant des mutations industrielles - septembre 2025","og_description":"Tensions sectorielles, innovation acc\u00e9l\u00e9r\u00e9e, enjeux humains : l\u2019industrie se transforme. La Ruche Industrielle en dresse le portrait en mouvement.","og_url":"https:\/\/larucheindustrielle.fr\/fr\/observatoire-industrie-septembre-2025\/","og_site_name":"La Ruche industrielle","article_published_time":"2025-09-11T08:40:33+00:00","article_modified_time":"2025-09-12T06:49:04+00:00","og_image":[{"width":1771,"height":1181,"url":"https:\/\/larucheindustrielle.fr\/wp-content\/uploads\/2025\/09\/cecile-cayon-la-ruche-industrielle-XR-fev2025-59.jpg","type":"image\/jpeg"}],"author":"C\u00e9line Brossard","twitter_card":"summary_large_image","twitter_creator":"@LaRucheIndus","twitter_site":"@LaRucheIndus","twitter_misc":{"\u00c9crit par":"C\u00e9line Brossard","Dur\u00e9e de lecture estim\u00e9e":"6 minutes"},"schema":{"@context":"https:\/\/schema.org","@graph":[{"@type":"Article","@id":"https:\/\/larucheindustrielle.fr\/fr\/observatoire-industrie-septembre-2025\/#article","isPartOf":{"@id":"https:\/\/larucheindustrielle.fr\/fr\/observatoire-industrie-septembre-2025\/"},"author":{"name":"C\u00e9line Brossard","@id":"https:\/\/larucheindustrielle.fr\/fr\/#\/schema\/person\/25c0164b97fd16b58602fd12915400bf"},"headline":"La Ruche Industrielle : un observatoire vivant des mutations industrielles &#8211; septembre 2025","datePublished":"2025-09-11T08:40:33+00:00","dateModified":"2025-09-12T06:49:04+00:00","mainEntityOfPage":{"@id":"https:\/\/larucheindustrielle.fr\/fr\/observatoire-industrie-septembre-2025\/"},"wordCount":1284,"publisher":{"@id":"https:\/\/larucheindustrielle.fr\/fr\/#organization"},"image":{"@id":"https:\/\/larucheindustrielle.fr\/fr\/observatoire-industrie-septembre-2025\/#primaryimage"},"thumbnailUrl":"https:\/\/larucheindustrielle.fr\/wp-content\/uploads\/2025\/09\/cecile-cayon-la-ruche-industrielle-XR-fev2025-59.jpg","articleSection":["\u00c0 la une","Le collectif"],"inLanguage":"fr-FR"},{"@type":"WebPage","@id":"https:\/\/larucheindustrielle.fr\/fr\/observatoire-industrie-septembre-2025\/","url":"https:\/\/larucheindustrielle.fr\/fr\/observatoire-industrie-septembre-2025\/","name":"La Ruche Industrielle : un observatoire vivant des mutations industrielles - septembre 2025","isPartOf":{"@id":"https:\/\/larucheindustrielle.fr\/fr\/#website"},"primaryImageOfPage":{"@id":"https:\/\/larucheindustrielle.fr\/fr\/observatoire-industrie-septembre-2025\/#primaryimage"},"image":{"@id":"https:\/\/larucheindustrielle.fr\/fr\/observatoire-industrie-septembre-2025\/#primaryimage"},"thumbnailUrl":"https:\/\/larucheindustrielle.fr\/wp-content\/uploads\/2025\/09\/cecile-cayon-la-ruche-industrielle-XR-fev2025-59.jpg","datePublished":"2025-09-11T08:40:33+00:00","dateModified":"2025-09-12T06:49:04+00:00","description":"Tensions sectorielles, innovation acc\u00e9l\u00e9r\u00e9e, enjeux humains : l\u2019industrie se transforme. La Ruche Industrielle en dresse le portrait en mouvement.","inLanguage":"fr-FR","potentialAction":[{"@type":"ReadAction","target":["https:\/\/larucheindustrielle.fr\/fr\/observatoire-industrie-septembre-2025\/"]}]},{"@type":"ImageObject","inLanguage":"fr-FR","@id":"https:\/\/larucheindustrielle.fr\/fr\/observatoire-industrie-septembre-2025\/#primaryimage","url":"https:\/\/larucheindustrielle.fr\/wp-content\/uploads\/2025\/09\/cecile-cayon-la-ruche-industrielle-XR-fev2025-59.jpg","contentUrl":"https:\/\/larucheindustrielle.fr\/wp-content\/uploads\/2025\/09\/cecile-cayon-la-ruche-industrielle-XR-fev2025-59.jpg","width":1771,"height":1181},{"@type":"WebSite","@id":"https:\/\/larucheindustrielle.fr\/fr\/#website","url":"https:\/\/larucheindustrielle.fr\/fr\/","name":"La Ruche industrielle","description":"Ici, on construit ensemble l&#039;industrie du futur !","publisher":{"@id":"https:\/\/larucheindustrielle.fr\/fr\/#organization"},"potentialAction":[{"@type":"SearchAction","target":{"@type":"EntryPoint","urlTemplate":"https:\/\/larucheindustrielle.fr\/fr\/?s={search_term_string}"},"query-input":{"@type":"PropertyValueSpecification","valueRequired":true,"valueName":"search_term_string"}}],"inLanguage":"fr-FR"},{"@type":"Organization","@id":"https:\/\/larucheindustrielle.fr\/fr\/#organization","name":"La Ruche industrielle","url":"https:\/\/larucheindustrielle.fr\/fr\/","logo":{"@type":"ImageObject","inLanguage":"fr-FR","@id":"https:\/\/larucheindustrielle.fr\/fr\/#\/schema\/logo\/image\/","url":"https:\/\/larucheindustrielle.fr\/wp-content\/uploads\/2023\/06\/Home-page-Logo-la-ruche-en-bois.jpg","contentUrl":"https:\/\/larucheindustrielle.fr\/wp-content\/uploads\/2023\/06\/Home-page-Logo-la-ruche-en-bois.jpg","width":1280,"height":853,"caption":"La Ruche industrielle"},"image":{"@id":"https:\/\/larucheindustrielle.fr\/fr\/#\/schema\/logo\/image\/"},"sameAs":["https:\/\/x.com\/LaRucheIndus","https:\/\/fr.linkedin.com\/company\/la-ruche-industrielle","https:\/\/www.youtube.com\/@larucheindustrielle932","https:\/\/www.instagram.com\/larucheindustrielle\/"]},{"@type":"Person","@id":"https:\/\/larucheindustrielle.fr\/fr\/#\/schema\/person\/25c0164b97fd16b58602fd12915400bf","name":"C\u00e9line Brossard","image":{"@type":"ImageObject","inLanguage":"fr-FR","@id":"https:\/\/secure.gravatar.com\/avatar\/5bb3e14e1572789c87c5cffb4ed8e9fd127915b203bdaea5d253ce8137bde5ec?s=96&d=mm&r=g","url":"https:\/\/secure.gravatar.com\/avatar\/5bb3e14e1572789c87c5cffb4ed8e9fd127915b203bdaea5d253ce8137bde5ec?s=96&d=mm&r=g","contentUrl":"https:\/\/secure.gravatar.com\/avatar\/5bb3e14e1572789c87c5cffb4ed8e9fd127915b203bdaea5d253ce8137bde5ec?s=96&d=mm&r=g","caption":"C\u00e9line Brossard"},"url":"https:\/\/larucheindustrielle.fr\/fr\/author\/adminlaruche\/"}]}},"publishpress_future_workflow_manual_trigger":{"enabledWorkflows":[]},"_links":{"self":[{"href":"https:\/\/larucheindustrielle.fr\/fr\/wp-json\/wp\/v2\/posts\/8854","targetHints":{"allow":["GET"]}}],"collection":[{"href":"https:\/\/larucheindustrielle.fr\/fr\/wp-json\/wp\/v2\/posts"}],"about":[{"href":"https:\/\/larucheindustrielle.fr\/fr\/wp-json\/wp\/v2\/types\/post"}],"author":[{"embeddable":true,"href":"https:\/\/larucheindustrielle.fr\/fr\/wp-json\/wp\/v2\/users\/3"}],"replies":[{"embeddable":true,"href":"https:\/\/larucheindustrielle.fr\/fr\/wp-json\/wp\/v2\/comments?post=8854"}],"version-history":[{"count":0,"href":"https:\/\/larucheindustrielle.fr\/fr\/wp-json\/wp\/v2\/posts\/8854\/revisions"}],"wp:featuredmedia":[{"embeddable":true,"href":"https:\/\/larucheindustrielle.fr\/fr\/wp-json\/wp\/v2\/media\/8856"}],"wp:attachment":[{"href":"https:\/\/larucheindustrielle.fr\/fr\/wp-json\/wp\/v2\/media?parent=8854"}],"wp:term":[{"taxonomy":"category","embeddable":true,"href":"https:\/\/larucheindustrielle.fr\/fr\/wp-json\/wp\/v2\/categories?post=8854"},{"taxonomy":"post_tag","embeddable":true,"href":"https:\/\/larucheindustrielle.fr\/fr\/wp-json\/wp\/v2\/tags?post=8854"}],"curies":[{"name":"wp","href":"https:\/\/api.w.org\/{rel}","templated":true}]}}