{"id":9701,"date":"2026-01-26T11:40:45","date_gmt":"2026-01-26T10:40:45","guid":{"rendered":"https:\/\/larucheindustrielle.fr\/?p=9701"},"modified":"2026-02-05T10:55:10","modified_gmt":"2026-02-05T09:55:10","slug":"bilan-2025-perspectives-2026","status":"publish","type":"post","link":"https:\/\/larucheindustrielle.fr\/fr\/bilan-2025-perspectives-2026\/","title":{"rendered":"Tout savoir sur le bilan 2025 de La Ruche Industrielle"},"content":{"rendered":"<p>[et_pb_section fb_built=\u00a0\u00bb1&Prime; fullwidth=\u00a0\u00bbon\u00a0\u00bb admin_label=\u00a0\u00bbTitre Actualit\u00e9 (+miniature)\u00a0\u00bb _builder_version=\u00a0\u00bb4.22.2&Prime; _module_preset=\u00a0\u00bbdefault\u00a0\u00bb da_disable_devices=\u00a0\u00bboff|off|off\u00a0\u00bb global_module=\u00a0\u00bb2768&Prime; saved_tabs=\u00a0\u00bball\u00a0\u00bb collapsed=\u00a0\u00bbon\u00a0\u00bb global_colors_info=\u00a0\u00bb{}\u00a0\u00bb da_is_popup=\u00a0\u00bboff\u00a0\u00bb da_exit_intent=\u00a0\u00bboff\u00a0\u00bb da_has_close=\u00a0\u00bbon\u00a0\u00bb da_alt_close=\u00a0\u00bboff\u00a0\u00bb da_dark_close=\u00a0\u00bboff\u00a0\u00bb da_not_modal=\u00a0\u00bbon\u00a0\u00bb da_is_singular=\u00a0\u00bboff\u00a0\u00bb da_with_loader=\u00a0\u00bboff\u00a0\u00bb da_has_shadow=\u00a0\u00bbon\u00a0\u00bb][et_pb_fullwidth_post_title author=\u00a0\u00bboff\u00a0\u00bb date_format=\u00a0\u00bbj M Y\u00a0\u00bb comments=\u00a0\u00bboff\u00a0\u00bb _builder_version=\u00a0\u00bb4.21.0&Prime; _module_preset=\u00a0\u00bbdefault\u00a0\u00bb global_colors_info=\u00a0\u00bb{}\u00a0\u00bb][\/et_pb_fullwidth_post_title][\/et_pb_section][et_pb_section fb_built=\u00a0\u00bb1&Prime; _builder_version=\u00a0\u00bb4.16&Prime; da_disable_devices=\u00a0\u00bboff|off|off\u00a0\u00bb global_colors_info=\u00a0\u00bb{}\u00a0\u00bb da_is_popup=\u00a0\u00bboff\u00a0\u00bb da_exit_intent=\u00a0\u00bboff\u00a0\u00bb da_has_close=\u00a0\u00bbon\u00a0\u00bb da_alt_close=\u00a0\u00bboff\u00a0\u00bb da_dark_close=\u00a0\u00bboff\u00a0\u00bb da_not_modal=\u00a0\u00bbon\u00a0\u00bb da_is_singular=\u00a0\u00bboff\u00a0\u00bb da_with_loader=\u00a0\u00bboff\u00a0\u00bb da_has_shadow=\u00a0\u00bbon\u00a0\u00bb][et_pb_row use_custom_gutter=\u00a0\u00bbon\u00a0\u00bb gutter_width=\u00a0\u00bb1&Prime; _builder_version=\u00a0\u00bb4.21.0&Prime; background_size=\u00a0\u00bbinitial\u00a0\u00bb background_position=\u00a0\u00bbtop_left\u00a0\u00bb background_repeat=\u00a0\u00bbrepeat\u00a0\u00bb global_colors_info=\u00a0\u00bb{}\u00a0\u00bb][et_pb_column type=\u00a0\u00bb4_4&Prime; _builder_version=\u00a0\u00bb4.16&Prime; custom_padding=\u00a0\u00bb|||\u00a0\u00bb global_colors_info=\u00a0\u00bb{}\u00a0\u00bb custom_padding__hover=\u00a0\u00bb|||\u00a0\u00bb][et_pb_text _builder_version=\u00a0\u00bb4.27.4&Prime; background_size=\u00a0\u00bbinitial\u00a0\u00bb background_position=\u00a0\u00bbtop_left\u00a0\u00bb background_repeat=\u00a0\u00bbrepeat\u00a0\u00bb hover_enabled=\u00a0\u00bb0&Prime; global_colors_info=\u00a0\u00bb{}\u00a0\u00bb sticky_enabled=\u00a0\u00bb0&Prime;]<\/p>\n<h4>D\u00e9couvrez le bilan de l&rsquo;ann\u00e9e 2025 de La Ruche Industrielle avec les perspectives 2026 !<\/h4>\n<p>&nbsp;<\/p>\n<h4><img loading=\"lazy\" decoding=\"async\" class=\"aligncenter wp-image-9703 size-full\" title=\"https:\/\/larucheindustrielle.fr\/fr\/bilan-2025\/\" src=\"https:\/\/larucheindustrielle.fr\/wp-content\/uploads\/2026\/01\/bilan-2025.jpg\" alt=\"Bilan 2025 de la Ruche Industrielle\" width=\"555\" height=\"792\" srcset=\"https:\/\/larucheindustrielle.fr\/wp-content\/uploads\/2026\/01\/bilan-2025.jpg 555w, https:\/\/larucheindustrielle.fr\/wp-content\/uploads\/2026\/01\/bilan-2025-480x685.jpg 480w\" sizes=\"(min-width: 0px) and (max-width: 480px) 480px, (min-width: 481px) 555px, 100vw\" \/><\/h4>\n<p>&nbsp;<\/p>\n<p>Au fil de ces pages, nous vous proposons un<strong> retour sur les temps forts 2025<\/strong> :<\/p>\n<ul>\n<li>projets interentreprises,<\/li>\n<li>exp\u00e9rimentations collectives,<\/li>\n<li>rencontres et apprentissages.<\/li>\n<\/ul>\n<p>L\u2019objectif est simple.<strong> Vous faire (re)d\u00e9couvrir ce qu\u2019est r\u00e9ellement La Ruche Industrielle, son<\/strong><br \/><strong>ambition, sa mani\u00e8re de travailler et ce qui fait sa singularit\u00e9<\/strong> : une m\u00e9thodologie originale et un<br \/>lieu embl\u00e9matique.<\/p>\n<p>Ce rapport est aussi une invitation \u00e0 <strong>mieux comprendre comment l\u2019intelligence collective se<\/strong><br \/><strong>met concr\u00e8tement au service de la transformation industrielle<\/strong>, et comment elle apporte des<br \/>rem\u00e8des \u00e0 certains maux de notre \u00e9poque.<\/p>\n<p>Nous esp\u00e9rons que ces pages vous donneront envie d\u2019en savoir plus ! N\u2019h\u00e9sitez pas \u00e0 pousser la porte de La Ruche. Nous aimons rappeler qu\u2019ici, la qualit\u00e9 des relations humaines est le pr\u00e9requis \u00e0 toute transformation vertueuse&#8230;<\/p>\n<p>&nbsp;<\/p>\n<h4>\ud83d\udcd6 <strong>Feuilletez-le d\u00e8s maintenant<\/strong>\u00a0:<\/h4>\n<p>[\/et_pb_text][et_pb_button button_url=\u00a0\u00bbhttps:\/\/larucheindustrielle.fr\/fr\/bilan-2025\/\u00a0\u00bb button_text=\u00a0\u00bbBilan 2025 &#8211; perpectives 2026&Prime; button_alignment=\u00a0\u00bbcenter\u00a0\u00bb _builder_version=\u00a0\u00bb4.27.4&Prime; _module_preset=\u00a0\u00bbdefault\u00a0\u00bb global_colors_info=\u00a0\u00bb{}\u00a0\u00bb][\/et_pb_button][et_pb_text _builder_version=\u00a0\u00bb4.27.4&Prime; background_size=\u00a0\u00bbinitial\u00a0\u00bb background_position=\u00a0\u00bbtop_left\u00a0\u00bb background_repeat=\u00a0\u00bbrepeat\u00a0\u00bb global_colors_info=\u00a0\u00bb{}\u00a0\u00bb]<\/p>\n<p>&nbsp;<\/p>\n<blockquote>\n<h4>N\u2019h\u00e9sitez pas \u00e0 le partager autour de vous et d&rsquo;aupr\u00e8s des industriels qui se transforment !<\/h4>\n<\/blockquote>\n<p>&nbsp;<\/p>\n<p><strong>Contact :<br \/><\/strong>C\u00e9line Brossard<br \/>Responsable Communication<br \/><a href=\"mailto:celine.brossard@larucheindustrielle.fr\" target=\"_blank\" rel=\"noopener\">celine.brossard@larucheindustrielle.fr<\/a><\/p>\n<p>[\/et_pb_text][\/et_pb_column][\/et_pb_row][\/et_pb_section]<\/p>\n","protected":false},"excerpt":{"rendered":"<p>La Ruche Industrielle est fi\u00e8re de d\u00e9voiler la toute premi\u00e8re \u00e9dition de son livret adh\u00e9rents. Ce document d\u2019une vingtaine de 20 pages offre une super plong\u00e9e au c\u0153ur de notre collectif<\/p>\n","protected":false},"author":3,"featured_media":9703,"comment_status":"closed","ping_status":"closed","sticky":false,"template":"","format":"standard","meta":{"_acf_changed":false,"_et_pb_use_builder":"on","_et_pb_old_content":"","_et_gb_content_width":"","footnotes":""},"categories":[23],"tags":[],"class_list":["post-9701","post","type-post","status-publish","format-standard","has-post-thumbnail","hentry","category-le-collectif"],"acf":[],"yoast_head":"<!-- This site is optimized with the Yoast SEO plugin v27.4 - https:\/\/yoast.com\/product\/yoast-seo-wordpress\/ -->\n<title>Tout savoir sur le bilan 2025 de La Ruche Industrielle - La Ruche industrielle<\/title>\n<meta name=\"description\" content=\"La Ruche Industrielle d\u00e9voile la 1\u00e8re \u00e9dition de son livret adh\u00e9rents d\u2019une vingtaine de 20 pages. Une plong\u00e9e au c\u0153ur de notre collectif...\" \/>\n<meta name=\"robots\" content=\"index, follow, max-snippet:-1, max-image-preview:large, max-video-preview:-1\" \/>\n<link rel=\"canonical\" href=\"https:\/\/larucheindustrielle.fr\/fr\/bilan-2025-perspectives-2026\/\" \/>\n<meta property=\"og:locale\" content=\"fr_FR\" \/>\n<meta property=\"og:type\" content=\"article\" \/>\n<meta property=\"og:title\" content=\"Tout savoir sur le bilan 2025 de La Ruche Industrielle - La Ruche industrielle\" \/>\n<meta property=\"og:description\" content=\"La Ruche Industrielle d\u00e9voile la 1\u00e8re \u00e9dition de son livret adh\u00e9rents d\u2019une vingtaine de 20 pages. Une plong\u00e9e au c\u0153ur de notre collectif...\" \/>\n<meta property=\"og:url\" content=\"https:\/\/larucheindustrielle.fr\/fr\/bilan-2025-perspectives-2026\/\" \/>\n<meta property=\"og:site_name\" content=\"La Ruche industrielle\" \/>\n<meta property=\"article:published_time\" content=\"2026-01-26T10:40:45+00:00\" \/>\n<meta property=\"article:modified_time\" content=\"2026-02-05T09:55:10+00:00\" \/>\n<meta property=\"og:image\" content=\"https:\/\/larucheindustrielle.fr\/wp-content\/uploads\/2026\/01\/bilan-2025.jpg\" \/>\n\t<meta property=\"og:image:width\" content=\"555\" \/>\n\t<meta property=\"og:image:height\" content=\"792\" \/>\n\t<meta property=\"og:image:type\" content=\"image\/jpeg\" \/>\n<meta name=\"author\" content=\"C\u00e9line Brossard\" \/>\n<meta name=\"twitter:card\" content=\"summary_large_image\" \/>\n<meta name=\"twitter:creator\" content=\"@LaRucheIndus\" \/>\n<meta name=\"twitter:site\" content=\"@LaRucheIndus\" \/>\n<meta name=\"twitter:label1\" content=\"\u00c9crit par\" \/>\n\t<meta name=\"twitter:data1\" content=\"C\u00e9line Brossard\" \/>\n\t<meta name=\"twitter:label2\" content=\"Dur\u00e9e de lecture estim\u00e9e\" \/>\n\t<meta name=\"twitter:data2\" content=\"2 minutes\" \/>\n<script type=\"application\/ld+json\" class=\"yoast-schema-graph\">{\"@context\":\"https:\\\/\\\/schema.org\",\"@graph\":[{\"@type\":\"Article\",\"@id\":\"https:\\\/\\\/larucheindustrielle.fr\\\/fr\\\/bilan-2025-perspectives-2026\\\/#article\",\"isPartOf\":{\"@id\":\"https:\\\/\\\/larucheindustrielle.fr\\\/fr\\\/bilan-2025-perspectives-2026\\\/\"},\"author\":{\"name\":\"C\u00e9line Brossard\",\"@id\":\"https:\\\/\\\/larucheindustrielle.fr\\\/fr\\\/#\\\/schema\\\/person\\\/25c0164b97fd16b58602fd12915400bf\"},\"headline\":\"Tout savoir sur le bilan 2025 de La Ruche Industrielle\",\"datePublished\":\"2026-01-26T10:40:45+00:00\",\"dateModified\":\"2026-02-05T09:55:10+00:00\",\"mainEntityOfPage\":{\"@id\":\"https:\\\/\\\/larucheindustrielle.fr\\\/fr\\\/bilan-2025-perspectives-2026\\\/\"},\"wordCount\":466,\"publisher\":{\"@id\":\"https:\\\/\\\/larucheindustrielle.fr\\\/fr\\\/#organization\"},\"image\":{\"@id\":\"https:\\\/\\\/larucheindustrielle.fr\\\/fr\\\/bilan-2025-perspectives-2026\\\/#primaryimage\"},\"thumbnailUrl\":\"https:\\\/\\\/larucheindustrielle.fr\\\/wp-content\\\/uploads\\\/2026\\\/01\\\/bilan-2025.jpg\",\"articleSection\":[\"Le collectif\"],\"inLanguage\":\"fr-FR\"},{\"@type\":\"WebPage\",\"@id\":\"https:\\\/\\\/larucheindustrielle.fr\\\/fr\\\/bilan-2025-perspectives-2026\\\/\",\"url\":\"https:\\\/\\\/larucheindustrielle.fr\\\/fr\\\/bilan-2025-perspectives-2026\\\/\",\"name\":\"Tout savoir sur le bilan 2025 de La Ruche Industrielle - La Ruche industrielle\",\"isPartOf\":{\"@id\":\"https:\\\/\\\/larucheindustrielle.fr\\\/fr\\\/#website\"},\"primaryImageOfPage\":{\"@id\":\"https:\\\/\\\/larucheindustrielle.fr\\\/fr\\\/bilan-2025-perspectives-2026\\\/#primaryimage\"},\"image\":{\"@id\":\"https:\\\/\\\/larucheindustrielle.fr\\\/fr\\\/bilan-2025-perspectives-2026\\\/#primaryimage\"},\"thumbnailUrl\":\"https:\\\/\\\/larucheindustrielle.fr\\\/wp-content\\\/uploads\\\/2026\\\/01\\\/bilan-2025.jpg\",\"datePublished\":\"2026-01-26T10:40:45+00:00\",\"dateModified\":\"2026-02-05T09:55:10+00:00\",\"description\":\"La Ruche Industrielle d\u00e9voile la 1\u00e8re \u00e9dition de son livret adh\u00e9rents d\u2019une vingtaine de 20 pages. Une plong\u00e9e au c\u0153ur de notre collectif...\",\"inLanguage\":\"fr-FR\",\"potentialAction\":[{\"@type\":\"ReadAction\",\"target\":[\"https:\\\/\\\/larucheindustrielle.fr\\\/fr\\\/bilan-2025-perspectives-2026\\\/\"]}]},{\"@type\":\"ImageObject\",\"inLanguage\":\"fr-FR\",\"@id\":\"https:\\\/\\\/larucheindustrielle.fr\\\/fr\\\/bilan-2025-perspectives-2026\\\/#primaryimage\",\"url\":\"https:\\\/\\\/larucheindustrielle.fr\\\/wp-content\\\/uploads\\\/2026\\\/01\\\/bilan-2025.jpg\",\"contentUrl\":\"https:\\\/\\\/larucheindustrielle.fr\\\/wp-content\\\/uploads\\\/2026\\\/01\\\/bilan-2025.jpg\",\"width\":555,\"height\":792},{\"@type\":\"WebSite\",\"@id\":\"https:\\\/\\\/larucheindustrielle.fr\\\/fr\\\/#website\",\"url\":\"https:\\\/\\\/larucheindustrielle.fr\\\/fr\\\/\",\"name\":\"La Ruche industrielle\",\"description\":\"Ici, on construit ensemble l&#039;industrie du futur !\",\"publisher\":{\"@id\":\"https:\\\/\\\/larucheindustrielle.fr\\\/fr\\\/#organization\"},\"potentialAction\":[{\"@type\":\"SearchAction\",\"target\":{\"@type\":\"EntryPoint\",\"urlTemplate\":\"https:\\\/\\\/larucheindustrielle.fr\\\/fr\\\/?s={search_term_string}\"},\"query-input\":{\"@type\":\"PropertyValueSpecification\",\"valueRequired\":true,\"valueName\":\"search_term_string\"}}],\"inLanguage\":\"fr-FR\"},{\"@type\":\"Organization\",\"@id\":\"https:\\\/\\\/larucheindustrielle.fr\\\/fr\\\/#organization\",\"name\":\"La Ruche industrielle\",\"url\":\"https:\\\/\\\/larucheindustrielle.fr\\\/fr\\\/\",\"logo\":{\"@type\":\"ImageObject\",\"inLanguage\":\"fr-FR\",\"@id\":\"https:\\\/\\\/larucheindustrielle.fr\\\/fr\\\/#\\\/schema\\\/logo\\\/image\\\/\",\"url\":\"https:\\\/\\\/larucheindustrielle.fr\\\/wp-content\\\/uploads\\\/2023\\\/06\\\/Home-page-Logo-la-ruche-en-bois.jpg\",\"contentUrl\":\"https:\\\/\\\/larucheindustrielle.fr\\\/wp-content\\\/uploads\\\/2023\\\/06\\\/Home-page-Logo-la-ruche-en-bois.jpg\",\"width\":1280,\"height\":853,\"caption\":\"La Ruche industrielle\"},\"image\":{\"@id\":\"https:\\\/\\\/larucheindustrielle.fr\\\/fr\\\/#\\\/schema\\\/logo\\\/image\\\/\"},\"sameAs\":[\"https:\\\/\\\/x.com\\\/LaRucheIndus\",\"https:\\\/\\\/fr.linkedin.com\\\/company\\\/la-ruche-industrielle\",\"https:\\\/\\\/www.youtube.com\\\/@larucheindustrielle932\",\"https:\\\/\\\/www.instagram.com\\\/larucheindustrielle\\\/\"]},{\"@type\":\"Person\",\"@id\":\"https:\\\/\\\/larucheindustrielle.fr\\\/fr\\\/#\\\/schema\\\/person\\\/25c0164b97fd16b58602fd12915400bf\",\"name\":\"C\u00e9line Brossard\",\"image\":{\"@type\":\"ImageObject\",\"inLanguage\":\"fr-FR\",\"@id\":\"https:\\\/\\\/secure.gravatar.com\\\/avatar\\\/5bb3e14e1572789c87c5cffb4ed8e9fd127915b203bdaea5d253ce8137bde5ec?s=96&d=mm&r=g\",\"url\":\"https:\\\/\\\/secure.gravatar.com\\\/avatar\\\/5bb3e14e1572789c87c5cffb4ed8e9fd127915b203bdaea5d253ce8137bde5ec?s=96&d=mm&r=g\",\"contentUrl\":\"https:\\\/\\\/secure.gravatar.com\\\/avatar\\\/5bb3e14e1572789c87c5cffb4ed8e9fd127915b203bdaea5d253ce8137bde5ec?s=96&d=mm&r=g\",\"caption\":\"C\u00e9line Brossard\"},\"url\":\"https:\\\/\\\/larucheindustrielle.fr\\\/fr\\\/author\\\/adminlaruche\\\/\"}]}<\/script>\n<!-- \/ Yoast SEO plugin. -->","yoast_head_json":{"title":"Tout savoir sur le bilan 2025 de La Ruche Industrielle - La Ruche industrielle","description":"La Ruche Industrielle d\u00e9voile la 1\u00e8re \u00e9dition de son livret adh\u00e9rents d\u2019une vingtaine de 20 pages. Une plong\u00e9e au c\u0153ur de notre collectif...","robots":{"index":"index","follow":"follow","max-snippet":"max-snippet:-1","max-image-preview":"max-image-preview:large","max-video-preview":"max-video-preview:-1"},"canonical":"https:\/\/larucheindustrielle.fr\/fr\/bilan-2025-perspectives-2026\/","og_locale":"fr_FR","og_type":"article","og_title":"Tout savoir sur le bilan 2025 de La Ruche Industrielle - La Ruche industrielle","og_description":"La Ruche Industrielle d\u00e9voile la 1\u00e8re \u00e9dition de son livret adh\u00e9rents d\u2019une vingtaine de 20 pages. Une plong\u00e9e au c\u0153ur de notre collectif...","og_url":"https:\/\/larucheindustrielle.fr\/fr\/bilan-2025-perspectives-2026\/","og_site_name":"La Ruche industrielle","article_published_time":"2026-01-26T10:40:45+00:00","article_modified_time":"2026-02-05T09:55:10+00:00","og_image":[{"width":555,"height":792,"url":"https:\/\/larucheindustrielle.fr\/wp-content\/uploads\/2026\/01\/bilan-2025.jpg","type":"image\/jpeg"}],"author":"C\u00e9line Brossard","twitter_card":"summary_large_image","twitter_creator":"@LaRucheIndus","twitter_site":"@LaRucheIndus","twitter_misc":{"\u00c9crit par":"C\u00e9line Brossard","Dur\u00e9e de lecture estim\u00e9e":"2 minutes"},"schema":{"@context":"https:\/\/schema.org","@graph":[{"@type":"Article","@id":"https:\/\/larucheindustrielle.fr\/fr\/bilan-2025-perspectives-2026\/#article","isPartOf":{"@id":"https:\/\/larucheindustrielle.fr\/fr\/bilan-2025-perspectives-2026\/"},"author":{"name":"C\u00e9line Brossard","@id":"https:\/\/larucheindustrielle.fr\/fr\/#\/schema\/person\/25c0164b97fd16b58602fd12915400bf"},"headline":"Tout savoir sur le bilan 2025 de La Ruche Industrielle","datePublished":"2026-01-26T10:40:45+00:00","dateModified":"2026-02-05T09:55:10+00:00","mainEntityOfPage":{"@id":"https:\/\/larucheindustrielle.fr\/fr\/bilan-2025-perspectives-2026\/"},"wordCount":466,"publisher":{"@id":"https:\/\/larucheindustrielle.fr\/fr\/#organization"},"image":{"@id":"https:\/\/larucheindustrielle.fr\/fr\/bilan-2025-perspectives-2026\/#primaryimage"},"thumbnailUrl":"https:\/\/larucheindustrielle.fr\/wp-content\/uploads\/2026\/01\/bilan-2025.jpg","articleSection":["Le collectif"],"inLanguage":"fr-FR"},{"@type":"WebPage","@id":"https:\/\/larucheindustrielle.fr\/fr\/bilan-2025-perspectives-2026\/","url":"https:\/\/larucheindustrielle.fr\/fr\/bilan-2025-perspectives-2026\/","name":"Tout savoir sur le bilan 2025 de La Ruche Industrielle - La Ruche industrielle","isPartOf":{"@id":"https:\/\/larucheindustrielle.fr\/fr\/#website"},"primaryImageOfPage":{"@id":"https:\/\/larucheindustrielle.fr\/fr\/bilan-2025-perspectives-2026\/#primaryimage"},"image":{"@id":"https:\/\/larucheindustrielle.fr\/fr\/bilan-2025-perspectives-2026\/#primaryimage"},"thumbnailUrl":"https:\/\/larucheindustrielle.fr\/wp-content\/uploads\/2026\/01\/bilan-2025.jpg","datePublished":"2026-01-26T10:40:45+00:00","dateModified":"2026-02-05T09:55:10+00:00","description":"La Ruche Industrielle d\u00e9voile la 1\u00e8re \u00e9dition de son livret adh\u00e9rents d\u2019une vingtaine de 20 pages. Une plong\u00e9e au c\u0153ur de notre collectif...","inLanguage":"fr-FR","potentialAction":[{"@type":"ReadAction","target":["https:\/\/larucheindustrielle.fr\/fr\/bilan-2025-perspectives-2026\/"]}]},{"@type":"ImageObject","inLanguage":"fr-FR","@id":"https:\/\/larucheindustrielle.fr\/fr\/bilan-2025-perspectives-2026\/#primaryimage","url":"https:\/\/larucheindustrielle.fr\/wp-content\/uploads\/2026\/01\/bilan-2025.jpg","contentUrl":"https:\/\/larucheindustrielle.fr\/wp-content\/uploads\/2026\/01\/bilan-2025.jpg","width":555,"height":792},{"@type":"WebSite","@id":"https:\/\/larucheindustrielle.fr\/fr\/#website","url":"https:\/\/larucheindustrielle.fr\/fr\/","name":"La Ruche industrielle","description":"Ici, on construit ensemble l&#039;industrie du futur !","publisher":{"@id":"https:\/\/larucheindustrielle.fr\/fr\/#organization"},"potentialAction":[{"@type":"SearchAction","target":{"@type":"EntryPoint","urlTemplate":"https:\/\/larucheindustrielle.fr\/fr\/?s={search_term_string}"},"query-input":{"@type":"PropertyValueSpecification","valueRequired":true,"valueName":"search_term_string"}}],"inLanguage":"fr-FR"},{"@type":"Organization","@id":"https:\/\/larucheindustrielle.fr\/fr\/#organization","name":"La Ruche industrielle","url":"https:\/\/larucheindustrielle.fr\/fr\/","logo":{"@type":"ImageObject","inLanguage":"fr-FR","@id":"https:\/\/larucheindustrielle.fr\/fr\/#\/schema\/logo\/image\/","url":"https:\/\/larucheindustrielle.fr\/wp-content\/uploads\/2023\/06\/Home-page-Logo-la-ruche-en-bois.jpg","contentUrl":"https:\/\/larucheindustrielle.fr\/wp-content\/uploads\/2023\/06\/Home-page-Logo-la-ruche-en-bois.jpg","width":1280,"height":853,"caption":"La Ruche industrielle"},"image":{"@id":"https:\/\/larucheindustrielle.fr\/fr\/#\/schema\/logo\/image\/"},"sameAs":["https:\/\/x.com\/LaRucheIndus","https:\/\/fr.linkedin.com\/company\/la-ruche-industrielle","https:\/\/www.youtube.com\/@larucheindustrielle932","https:\/\/www.instagram.com\/larucheindustrielle\/"]},{"@type":"Person","@id":"https:\/\/larucheindustrielle.fr\/fr\/#\/schema\/person\/25c0164b97fd16b58602fd12915400bf","name":"C\u00e9line Brossard","image":{"@type":"ImageObject","inLanguage":"fr-FR","@id":"https:\/\/secure.gravatar.com\/avatar\/5bb3e14e1572789c87c5cffb4ed8e9fd127915b203bdaea5d253ce8137bde5ec?s=96&d=mm&r=g","url":"https:\/\/secure.gravatar.com\/avatar\/5bb3e14e1572789c87c5cffb4ed8e9fd127915b203bdaea5d253ce8137bde5ec?s=96&d=mm&r=g","contentUrl":"https:\/\/secure.gravatar.com\/avatar\/5bb3e14e1572789c87c5cffb4ed8e9fd127915b203bdaea5d253ce8137bde5ec?s=96&d=mm&r=g","caption":"C\u00e9line Brossard"},"url":"https:\/\/larucheindustrielle.fr\/fr\/author\/adminlaruche\/"}]}},"publishpress_future_workflow_manual_trigger":{"enabledWorkflows":[]},"_links":{"self":[{"href":"https:\/\/larucheindustrielle.fr\/fr\/wp-json\/wp\/v2\/posts\/9701","targetHints":{"allow":["GET"]}}],"collection":[{"href":"https:\/\/larucheindustrielle.fr\/fr\/wp-json\/wp\/v2\/posts"}],"about":[{"href":"https:\/\/larucheindustrielle.fr\/fr\/wp-json\/wp\/v2\/types\/post"}],"author":[{"embeddable":true,"href":"https:\/\/larucheindustrielle.fr\/fr\/wp-json\/wp\/v2\/users\/3"}],"replies":[{"embeddable":true,"href":"https:\/\/larucheindustrielle.fr\/fr\/wp-json\/wp\/v2\/comments?post=9701"}],"version-history":[{"count":9,"href":"https:\/\/larucheindustrielle.fr\/fr\/wp-json\/wp\/v2\/posts\/9701\/revisions"}],"predecessor-version":[{"id":9933,"href":"https:\/\/larucheindustrielle.fr\/fr\/wp-json\/wp\/v2\/posts\/9701\/revisions\/9933"}],"wp:featuredmedia":[{"embeddable":true,"href":"https:\/\/larucheindustrielle.fr\/fr\/wp-json\/wp\/v2\/media\/9703"}],"wp:attachment":[{"href":"https:\/\/larucheindustrielle.fr\/fr\/wp-json\/wp\/v2\/media?parent=9701"}],"wp:term":[{"taxonomy":"category","embeddable":true,"href":"https:\/\/larucheindustrielle.fr\/fr\/wp-json\/wp\/v2\/categories?post=9701"},{"taxonomy":"post_tag","embeddable":true,"href":"https:\/\/larucheindustrielle.fr\/fr\/wp-json\/wp\/v2\/tags?post=9701"}],"curies":[{"name":"wp","href":"https:\/\/api.w.org\/{rel}","templated":true}]}}